{"id":18421,"date":"2016-01-16T14:57:36","date_gmt":"2016-01-16T14:57:36","guid":{"rendered":"https:\/\/dev.conube.com.br\/?p=18421"},"modified":"2021-03-22T16:22:08","modified_gmt":"2021-03-22T19:22:08","slug":"adesao-ao-simples-nacional","status":"publish","type":"post","link":"https:\/\/conube.com.br\/blog\/adesao-ao-simples-nacional\/","title":{"rendered":"Saiba como solicitar a ades\u00e3o ao Simples Nacional. Confira o passo a passo!"},"content":{"rendered":"<p>O Simples Nacional \u00e9 um regime compartilhado de arrecada\u00e7\u00e3o, cobran\u00e7a e fiscaliza\u00e7\u00e3o de tributos aplic\u00e1vel \u00e0s Microempresas e Empresas de Pequeno Porte. Na maioria dos casos, \u00e9 preferido por unificar o pagamento de v\u00e1rios impostos. No momento da constitui\u00e7\u00e3o da empresa, seu escrit\u00f3rio de contabilidade dever\u00e1 orientar se sua atividade poder\u00e1 ou n\u00e3o ser enquadrada neste modelo. Caso seja, sua contabilidade j\u00e1 dever\u00e1 fazer o procedimento. Mas caso precise fazer voc\u00ea mesmo, veja aqui um passo a passo para fazer a ades\u00e3o ao Simples Nacional, sem complica\u00e7\u00e3o.<\/p>\n<p><a href=\"https:\/\/www.conube.com.br\/trocar-contador\/?utm_source=blog&amp;utm_medium=cta&amp;utm_campaign=site-trocar-contador-v4\"><img decoding=\"async\" loading=\"lazy\" class=\"aligncenter wp-image-53397 size-full\" src=\"\/blog\/wp-content\/uploads\/2020\/08\/Site-Trocar-Contador-v4.png\" alt=\"[Site] Trocar Contador-v4\" width=\"688\" height=\"312\" srcset=\"https:\/\/conube.com.br\/blog\/wp-content\/uploads\/2020\/08\/Site-Trocar-Contador-v4.png 688w, https:\/\/conube.com.br\/blog\/wp-content\/uploads\/2020\/08\/Site-Trocar-Contador-v4-300x136.png 300w, https:\/\/conube.com.br\/blog\/wp-content\/uploads\/2020\/08\/Site-Trocar-Contador-v4-265x120.png 265w\" sizes=\"(max-width: 688px) 100vw, 688px\" \/><\/a><!--more--><\/p>\n<p style=\"text-align: justify;\">Vamos mostrar como fazer essa ades\u00e3o ao Simples Nacional. O procedimento ser\u00e1 feito por meio da internet, sendo irretrat\u00e1vel para todo o ano-calend\u00e1rio.\u00a0A op\u00e7\u00e3o dever\u00e1 ser realizada no m\u00eas de janeiro, at\u00e9 o seu \u00faltimo dia \u00fatil, produzindo efeitos a partir do primeiro dia do ano-calend\u00e1rio da op\u00e7\u00e3o. As pessoas jur\u00eddicas j\u00e1 regularmente optantes pelo Simples Nacional n\u00e3o precisam fazer nova op\u00e7\u00e3o, mantendo-se no sistema enquanto n\u00e3o exclu\u00eddas.<\/p>\n<h2>O processo \u00e9 r\u00e1pido e simples. Basta seguir o passo a passo abaixo:<\/h2>\n<p>1) No <a href=\"http:\/\/www8.receita.fazenda.gov.br\/SIMPLESNACIONAL\/Default.aspx\" target=\"_blank\" rel=\"noopener noreferrer\">site do Simples<\/a>, em &#8220;Simples Servi\u00e7os&#8221;, clique em &#8220;Op\u00e7\u00e3o&#8221;: Solicita\u00e7\u00e3o de Op\u00e7\u00e3o pelo Simples Nacional, depois clique no \u00edcone de c\u00f3digo de acesso, como mostra a imagem abaixo:<\/p>\n<p>2.1) Caso seja o seu primeiro acesso e a sua empresa ainda n\u00e3o possua c\u00f3digo de acesso, clique no link para gerar seu c\u00f3digo e dar sequ\u00eancia ao processo.<\/p>\n<p>2.2) Para gerar o c\u00f3digo, s\u00e3o necess\u00e1rias as seguintes informa\u00e7\u00f5es:<\/p>\n<p>&#8211; CNPJ da empresa;<\/p>\n<p>&#8211; CPF do respons\u00e1vel pela empresa perante a Receita Federal;<\/p>\n<p>&#8211; N\u00famero do recibo do IRPF do titular respons\u00e1vel. Caso o titular n\u00e3o declare Imposto de Renda, ser\u00e1 necess\u00e1rio o n\u00famero do T\u00edtulo de Eleitor.<\/p>\n<p>Ap\u00f3s gerar o c\u00f3digo, volte para a p\u00e1gina 2.1 e fa\u00e7a o login no sistema;<\/p>\n<p>3) Nesta tela, clique em \u201cSim\u201d. Este termo declara que seus documentos est\u00e3o devidamente regularizados e que sua empresa possui Inscri\u00e7\u00e3o Municipal e, se necess\u00e1rio, Inscri\u00e7\u00e3o Estadual;<\/p>\n<p>4) Ap\u00f3s a leitura dos termos de ades\u00e3o, e estando de acordo, clique em \u201cAceito\u201d;<\/p>\n<p>5) \u00a0Nesta etapa, o sistema da receita federal exige que seja verificado se h\u00e1 alguma pend\u00eancia fiscal ou cadastral de sua empresa. Clique em \u201cIniciar verifica\u00e7\u00e3o\u201d;<\/p>\n<p>6) Para a conclus\u00e3o do processo, \u00e9 necess\u00e1rio salvar as informa\u00e7\u00f5es declaradas at\u00e9 aqui. Clique em \u201cSalvar\u201d;<\/p>\n<p>7) Sua solicita\u00e7\u00e3o foi conclu\u00edda com sucesso!<\/p>\n<p>O sistema fornece a data em que voc\u00ea deve verificar se sua empresa se enquadrou no Simples. Caso seja aprovado, sua empresa estar\u00e1 enquadrada a partir de 01\/01 do ano vigente.<\/p>\n<p>Caso n\u00e3o seja aprovado, nesta mesma tela ser\u00e1 apresentada a exig\u00eancia que deve ser regularizada para que seja realizado o enquadramento. Verifique esta pend\u00eancia junto ao seu contador.<\/p>\n<p><a href=\"https:\/\/seja.conube.com.br\/webinar-novo-simples-nacional\/?utm_source=blog&amp;utm_medium=cta&amp;utm_campaign=webinar-simples-nacional-v1\"><img decoding=\"async\" loading=\"lazy\" class=\"aligncenter wp-image-53402 size-full\" src=\"\/blog\/wp-content\/uploads\/2020\/08\/Webinar-Simples-Nacional_v1.png\" alt=\"\" width=\"707\" height=\"293\" srcset=\"https:\/\/conube.com.br\/blog\/wp-content\/uploads\/2020\/08\/Webinar-Simples-Nacional_v1.png 707w, https:\/\/conube.com.br\/blog\/wp-content\/uploads\/2020\/08\/Webinar-Simples-Nacional_v1-300x124.png 300w, https:\/\/conube.com.br\/blog\/wp-content\/uploads\/2020\/08\/Webinar-Simples-Nacional_v1-265x110.png 265w\" sizes=\"(max-width: 707px) 100vw, 707px\" \/><\/a><\/p>\n<ul>\n<li>\n<h3>Ainda tem d\u00favidas? Acesse <a href=\"\/\" target=\"_blank\" rel=\"noopener noreferrer\">conube.com.br<\/a> e consulte nossa equipe!<\/h3>\n<\/li>\n<\/ul>\n<p style=\"padding-top: 20px;\"><i>* Artigo escrito por <b>Ana Paula de Nardi,\u00a0<\/b>t\u00e9cnica em contabilidade pela ETEC e estudante de administra\u00e7\u00e3o no Mackenzie.<\/i><\/p>\n","protected":false},"excerpt":{"rendered":"<p>O Simples Nacional \u00e9 um regime compartilhado de arrecada\u00e7\u00e3o, cobran\u00e7a e fiscaliza\u00e7\u00e3o de tributos aplic\u00e1vel \u00e0s Microempresas e Empresas de Pequeno Porte. Na maioria dos casos, \u00e9 preferido por unificar o pagamento de v\u00e1rios impostos. No momento da constitui\u00e7\u00e3o da empresa, seu escrit\u00f3rio de contabilidade dever\u00e1 orientar se sua atividade poder\u00e1 ou n\u00e3o ser enquadrada [&hellip;]<\/p>\n","protected":false},"author":71,"featured_media":0,"comment_status":"open","ping_status":"open","sticky":false,"template":"","format":"image","meta":{"content-type":""},"categories":[81],"tags":[],"yoast_head":"<!-- This site is optimized with the Yoast SEO plugin v20.1 - https:\/\/yoast.com\/wordpress\/plugins\/seo\/ -->\n<title>Saiba como solicitar a ades\u00e3o ao Simples Nacional. Confira o passo a passo! - Blog da Conube - Contabilidade e empreendedorismo<\/title>\n<meta name=\"robots\" content=\"index, follow, max-snippet:-1, max-image-preview:large, max-video-preview:-1\" \/>\n<link rel=\"canonical\" href=\"https:\/\/conube.com.br\/blog\/adesao-ao-simples-nacional\/\" \/>\n<meta property=\"og:locale\" content=\"pt_BR\" \/>\n<meta property=\"og:type\" content=\"article\" \/>\n<meta property=\"og:title\" content=\"Saiba como solicitar a ades\u00e3o ao Simples Nacional. Confira o passo a passo! - Blog da Conube - Contabilidade e empreendedorismo\" \/>\n<meta property=\"og:description\" content=\"O Simples Nacional \u00e9 um regime compartilhado de arrecada\u00e7\u00e3o, cobran\u00e7a e fiscaliza\u00e7\u00e3o de tributos aplic\u00e1vel \u00e0s Microempresas e Empresas de Pequeno Porte. Na maioria dos casos, \u00e9 preferido por unificar o pagamento de v\u00e1rios impostos. No momento da constitui\u00e7\u00e3o da empresa, seu escrit\u00f3rio de contabilidade dever\u00e1 orientar se sua atividade poder\u00e1 ou n\u00e3o ser enquadrada [&hellip;]\" \/>\n<meta property=\"og:url\" content=\"https:\/\/conube.com.br\/blog\/adesao-ao-simples-nacional\/\" \/>\n<meta property=\"og:site_name\" content=\"Blog da Conube - Contabilidade e empreendedorismo\" \/>\n<meta property=\"article:publisher\" content=\"https:\/\/www.facebook.com\/conube\/\" \/>\n<meta property=\"article:published_time\" content=\"2016-01-16T14:57:36+00:00\" \/>\n<meta property=\"article:modified_time\" content=\"2021-03-22T19:22:08+00:00\" \/>\n<meta name=\"author\" content=\"Ana Paula de Nardi\" \/>\n<meta name=\"twitter:card\" content=\"summary_large_image\" \/>\n<meta name=\"twitter:creator\" content=\"@conubeweb\" \/>\n<meta name=\"twitter:site\" content=\"@conubeweb\" \/>\n<meta name=\"twitter:label1\" content=\"Escrito por\" \/>\n\t<meta name=\"twitter:data1\" content=\"Ana Paula de Nardi\" \/>\n\t<meta name=\"twitter:label2\" content=\"Est. tempo de leitura\" \/>\n\t<meta name=\"twitter:data2\" content=\"3 minutos\" \/>\n<script type=\"application\/ld+json\" class=\"yoast-schema-graph\">{\"@context\":\"https:\/\/schema.org\",\"@graph\":[{\"@type\":\"Article\",\"@id\":\"https:\/\/conube.com.br\/blog\/adesao-ao-simples-nacional\/#article\",\"isPartOf\":{\"@id\":\"https:\/\/conube.com.br\/blog\/adesao-ao-simples-nacional\/\"},\"author\":{\"name\":\"Ana Paula de Nardi\",\"@id\":\"https:\/\/conube.com.br\/blog\/#\/schema\/person\/8a0f1b83b7e1af53d47a6b4889d48bec\"},\"headline\":\"Saiba como solicitar a ades\u00e3o ao Simples Nacional. Confira o passo a passo!\",\"datePublished\":\"2016-01-16T14:57:36+00:00\",\"dateModified\":\"2021-03-22T19:22:08+00:00\",\"mainEntityOfPage\":{\"@id\":\"https:\/\/conube.com.br\/blog\/adesao-ao-simples-nacional\/\"},\"wordCount\":538,\"commentCount\":2,\"publisher\":{\"@id\":\"https:\/\/conube.com.br\/blog\/#organization\"},\"articleSection\":[\"Contabilidade\"],\"inLanguage\":\"pt-BR\",\"potentialAction\":[{\"@type\":\"CommentAction\",\"name\":\"Comment\",\"target\":[\"https:\/\/conube.com.br\/blog\/adesao-ao-simples-nacional\/#respond\"]}]},{\"@type\":\"WebPage\",\"@id\":\"https:\/\/conube.com.br\/blog\/adesao-ao-simples-nacional\/\",\"url\":\"https:\/\/conube.com.br\/blog\/adesao-ao-simples-nacional\/\",\"name\":\"Saiba como solicitar a ades\u00e3o ao Simples Nacional. Confira o passo a passo! - Blog da Conube - Contabilidade e empreendedorismo\",\"isPartOf\":{\"@id\":\"https:\/\/conube.com.br\/blog\/#website\"},\"datePublished\":\"2016-01-16T14:57:36+00:00\",\"dateModified\":\"2021-03-22T19:22:08+00:00\",\"breadcrumb\":{\"@id\":\"https:\/\/conube.com.br\/blog\/adesao-ao-simples-nacional\/#breadcrumb\"},\"inLanguage\":\"pt-BR\",\"potentialAction\":[{\"@type\":\"ReadAction\",\"target\":[\"https:\/\/conube.com.br\/blog\/adesao-ao-simples-nacional\/\"]}]},{\"@type\":\"BreadcrumbList\",\"@id\":\"https:\/\/conube.com.br\/blog\/adesao-ao-simples-nacional\/#breadcrumb\",\"itemListElement\":[{\"@type\":\"ListItem\",\"position\":1,\"name\":\"In\u00edcio\",\"item\":\"https:\/\/conube.com.br\/blog\/\"},{\"@type\":\"ListItem\",\"position\":2,\"name\":\"Saiba como solicitar a ades\u00e3o ao Simples Nacional. Confira o passo a passo!\"}]},{\"@type\":\"WebSite\",\"@id\":\"https:\/\/conube.com.br\/blog\/#website\",\"url\":\"https:\/\/conube.com.br\/blog\/\",\"name\":\"Blog da Conube - Contabilidade e empreendedorismo\",\"description\":\"Fique por dentro de diversas novidades e dicas sobre neg\u00f3cios e contabilidade que ajudam na gest\u00e3o do seu neg\u00f3cio. Saiba mais.\",\"publisher\":{\"@id\":\"https:\/\/conube.com.br\/blog\/#organization\"},\"potentialAction\":[{\"@type\":\"SearchAction\",\"target\":{\"@type\":\"EntryPoint\",\"urlTemplate\":\"https:\/\/conube.com.br\/blog\/?s={search_term_string}\"},\"query-input\":\"required name=search_term_string\"}],\"inLanguage\":\"pt-BR\"},{\"@type\":\"Organization\",\"@id\":\"https:\/\/conube.com.br\/blog\/#organization\",\"name\":\"Blog da Conube - Contabilidade e empreendedorismo\",\"url\":\"https:\/\/conube.com.br\/blog\/\",\"logo\":{\"@type\":\"ImageObject\",\"inLanguage\":\"pt-BR\",\"@id\":\"https:\/\/conube.com.br\/blog\/#\/schema\/logo\/image\/\",\"url\":\"https:\/\/conube.com.br\/blog\/wp-content\/uploads\/2025\/10\/logo-conube.png\",\"contentUrl\":\"https:\/\/conube.com.br\/blog\/wp-content\/uploads\/2025\/10\/logo-conube.png\",\"width\":222,\"height\":61,\"caption\":\"Blog da Conube - Contabilidade e empreendedorismo\"},\"image\":{\"@id\":\"https:\/\/conube.com.br\/blog\/#\/schema\/logo\/image\/\"},\"sameAs\":[\"https:\/\/www.facebook.com\/conube\/\",\"https:\/\/twitter.com\/conubeweb\",\"https:\/\/www.instagram.com\/conubeweb\/\",\"https:\/\/www.linkedin.com\/company\/conube\",\"https:\/\/www.youtube.com\/user\/ContabilidadeOnline\"]},{\"@type\":\"Person\",\"@id\":\"https:\/\/conube.com.br\/blog\/#\/schema\/person\/8a0f1b83b7e1af53d47a6b4889d48bec\",\"name\":\"Ana Paula de Nardi\",\"image\":{\"@type\":\"ImageObject\",\"inLanguage\":\"pt-BR\",\"@id\":\"https:\/\/conube.com.br\/blog\/#\/schema\/person\/image\/\",\"url\":\"https:\/\/secure.gravatar.com\/avatar\/05cd6c285394b1d742878f1009ab10e3?s=96&d=mm&r=g\",\"contentUrl\":\"https:\/\/secure.gravatar.com\/avatar\/05cd6c285394b1d742878f1009ab10e3?s=96&d=mm&r=g\",\"caption\":\"Ana Paula de Nardi\"},\"description\":\"T\u00e9cnica em contabilidade pela ETEC e estudante de administra\u00e7\u00e3o no Mackenzie\",\"sameAs\":[\"https:\/\/conube.com.br\/blog\/\"],\"url\":\"https:\/\/conube.com.br\/blog\/author\/ana-paula-de-nardi\/\"}]}<\/script>\n<!-- \/ Yoast SEO plugin. -->","yoast_head_json":{"title":"Saiba como solicitar a ades\u00e3o ao Simples Nacional. Confira o passo a passo! - Blog da Conube - Contabilidade e empreendedorismo","robots":{"index":"index","follow":"follow","max-snippet":"max-snippet:-1","max-image-preview":"max-image-preview:large","max-video-preview":"max-video-preview:-1"},"canonical":"https:\/\/conube.com.br\/blog\/adesao-ao-simples-nacional\/","og_locale":"pt_BR","og_type":"article","og_title":"Saiba como solicitar a ades\u00e3o ao Simples Nacional. Confira o passo a passo! - Blog da Conube - Contabilidade e empreendedorismo","og_description":"O Simples Nacional \u00e9 um regime compartilhado de arrecada\u00e7\u00e3o, cobran\u00e7a e fiscaliza\u00e7\u00e3o de tributos aplic\u00e1vel \u00e0s Microempresas e Empresas de Pequeno Porte. Na maioria dos casos, \u00e9 preferido por unificar o pagamento de v\u00e1rios impostos. No momento da constitui\u00e7\u00e3o da empresa, seu escrit\u00f3rio de contabilidade dever\u00e1 orientar se sua atividade poder\u00e1 ou n\u00e3o ser enquadrada [&hellip;]","og_url":"https:\/\/conube.com.br\/blog\/adesao-ao-simples-nacional\/","og_site_name":"Blog da Conube - Contabilidade e empreendedorismo","article_publisher":"https:\/\/www.facebook.com\/conube\/","article_published_time":"2016-01-16T14:57:36+00:00","article_modified_time":"2021-03-22T19:22:08+00:00","author":"Ana Paula de Nardi","twitter_card":"summary_large_image","twitter_creator":"@conubeweb","twitter_site":"@conubeweb","twitter_misc":{"Escrito por":"Ana Paula de Nardi","Est. tempo de leitura":"3 minutos"},"schema":{"@context":"https:\/\/schema.org","@graph":[{"@type":"Article","@id":"https:\/\/conube.com.br\/blog\/adesao-ao-simples-nacional\/#article","isPartOf":{"@id":"https:\/\/conube.com.br\/blog\/adesao-ao-simples-nacional\/"},"author":{"name":"Ana Paula de Nardi","@id":"https:\/\/conube.com.br\/blog\/#\/schema\/person\/8a0f1b83b7e1af53d47a6b4889d48bec"},"headline":"Saiba como solicitar a ades\u00e3o ao Simples Nacional. Confira o passo a passo!","datePublished":"2016-01-16T14:57:36+00:00","dateModified":"2021-03-22T19:22:08+00:00","mainEntityOfPage":{"@id":"https:\/\/conube.com.br\/blog\/adesao-ao-simples-nacional\/"},"wordCount":538,"commentCount":2,"publisher":{"@id":"https:\/\/conube.com.br\/blog\/#organization"},"articleSection":["Contabilidade"],"inLanguage":"pt-BR","potentialAction":[{"@type":"CommentAction","name":"Comment","target":["https:\/\/conube.com.br\/blog\/adesao-ao-simples-nacional\/#respond"]}]},{"@type":"WebPage","@id":"https:\/\/conube.com.br\/blog\/adesao-ao-simples-nacional\/","url":"https:\/\/conube.com.br\/blog\/adesao-ao-simples-nacional\/","name":"Saiba como solicitar a ades\u00e3o ao Simples Nacional. Confira o passo a passo! - Blog da Conube - Contabilidade e empreendedorismo","isPartOf":{"@id":"https:\/\/conube.com.br\/blog\/#website"},"datePublished":"2016-01-16T14:57:36+00:00","dateModified":"2021-03-22T19:22:08+00:00","breadcrumb":{"@id":"https:\/\/conube.com.br\/blog\/adesao-ao-simples-nacional\/#breadcrumb"},"inLanguage":"pt-BR","potentialAction":[{"@type":"ReadAction","target":["https:\/\/conube.com.br\/blog\/adesao-ao-simples-nacional\/"]}]},{"@type":"BreadcrumbList","@id":"https:\/\/conube.com.br\/blog\/adesao-ao-simples-nacional\/#breadcrumb","itemListElement":[{"@type":"ListItem","position":1,"name":"In\u00edcio","item":"https:\/\/conube.com.br\/blog\/"},{"@type":"ListItem","position":2,"name":"Saiba como solicitar a ades\u00e3o ao Simples Nacional. Confira o passo a passo!"}]},{"@type":"WebSite","@id":"https:\/\/conube.com.br\/blog\/#website","url":"https:\/\/conube.com.br\/blog\/","name":"Blog da Conube - Contabilidade e empreendedorismo","description":"Fique por dentro de diversas novidades e dicas sobre neg\u00f3cios e contabilidade que ajudam na gest\u00e3o do seu neg\u00f3cio. Saiba mais.","publisher":{"@id":"https:\/\/conube.com.br\/blog\/#organization"},"potentialAction":[{"@type":"SearchAction","target":{"@type":"EntryPoint","urlTemplate":"https:\/\/conube.com.br\/blog\/?s={search_term_string}"},"query-input":"required name=search_term_string"}],"inLanguage":"pt-BR"},{"@type":"Organization","@id":"https:\/\/conube.com.br\/blog\/#organization","name":"Blog da Conube - Contabilidade e empreendedorismo","url":"https:\/\/conube.com.br\/blog\/","logo":{"@type":"ImageObject","inLanguage":"pt-BR","@id":"https:\/\/conube.com.br\/blog\/#\/schema\/logo\/image\/","url":"https:\/\/conube.com.br\/blog\/wp-content\/uploads\/2025\/10\/logo-conube.png","contentUrl":"https:\/\/conube.com.br\/blog\/wp-content\/uploads\/2025\/10\/logo-conube.png","width":222,"height":61,"caption":"Blog da Conube - Contabilidade e empreendedorismo"},"image":{"@id":"https:\/\/conube.com.br\/blog\/#\/schema\/logo\/image\/"},"sameAs":["https:\/\/www.facebook.com\/conube\/","https:\/\/twitter.com\/conubeweb","https:\/\/www.instagram.com\/conubeweb\/","https:\/\/www.linkedin.com\/company\/conube","https:\/\/www.youtube.com\/user\/ContabilidadeOnline"]},{"@type":"Person","@id":"https:\/\/conube.com.br\/blog\/#\/schema\/person\/8a0f1b83b7e1af53d47a6b4889d48bec","name":"Ana Paula de Nardi","image":{"@type":"ImageObject","inLanguage":"pt-BR","@id":"https:\/\/conube.com.br\/blog\/#\/schema\/person\/image\/","url":"https:\/\/secure.gravatar.com\/avatar\/05cd6c285394b1d742878f1009ab10e3?s=96&d=mm&r=g","contentUrl":"https:\/\/secure.gravatar.com\/avatar\/05cd6c285394b1d742878f1009ab10e3?s=96&d=mm&r=g","caption":"Ana Paula de Nardi"},"description":"T\u00e9cnica em contabilidade pela ETEC e estudante de administra\u00e7\u00e3o no Mackenzie","sameAs":["https:\/\/conube.com.br\/blog\/"],"url":"https:\/\/conube.com.br\/blog\/author\/ana-paula-de-nardi\/"}]}},"_links":{"self":[{"href":"https:\/\/conube.com.br\/blog\/wp-json\/wp\/v2\/posts\/18421"}],"collection":[{"href":"https:\/\/conube.com.br\/blog\/wp-json\/wp\/v2\/posts"}],"about":[{"href":"https:\/\/conube.com.br\/blog\/wp-json\/wp\/v2\/types\/post"}],"author":[{"embeddable":true,"href":"https:\/\/conube.com.br\/blog\/wp-json\/wp\/v2\/users\/71"}],"replies":[{"embeddable":true,"href":"https:\/\/conube.com.br\/blog\/wp-json\/wp\/v2\/comments?post=18421"}],"version-history":[{"count":0,"href":"https:\/\/conube.com.br\/blog\/wp-json\/wp\/v2\/posts\/18421\/revisions"}],"wp:attachment":[{"href":"https:\/\/conube.com.br\/blog\/wp-json\/wp\/v2\/media?parent=18421"}],"wp:term":[{"taxonomy":"category","embeddable":true,"href":"https:\/\/conube.com.br\/blog\/wp-json\/wp\/v2\/categories?post=18421"},{"taxonomy":"post_tag","embeddable":true,"href":"https:\/\/conube.com.br\/blog\/wp-json\/wp\/v2\/tags?post=18421"}],"curies":[{"name":"wp","href":"https:\/\/api.w.org\/{rel}","templated":true}]}}