{"id":28801,"date":"2016-04-15T16:52:29","date_gmt":"2016-04-15T16:52:29","guid":{"rendered":"https:\/\/dev.conube.com.br\/?p=28801"},"modified":"2022-08-08T10:28:21","modified_gmt":"2022-08-08T13:28:21","slug":"clt-ou-pj","status":"publish","type":"post","link":"https:\/\/conube.com.br\/blog\/clt-ou-pj\/","title":{"rendered":"CLT ou PJ: Saiba qual regime de contrata\u00e7\u00e3o \u00e9 melhor para voc\u00ea?"},"content":{"rendered":"<p>Em muitos casos, funcion\u00e1rio e empregador se veem em um dilema com rela\u00e7\u00e3o ao regime de contrata\u00e7\u00e3o mais adequado para cada caso. H\u00e1 empresas que j\u00e1 adotam um certo padr\u00e3o e n\u00e3o muito o que se discutir, mas em outras situa\u00e7\u00f5es, \u00e9 poss\u00edvel colocar na balan\u00e7a os pr\u00f3s e contras de cada op\u00e7\u00e3o e verificar o que compensa mais: CLT ou PJ. E ainda h\u00e1 casos em que abrir empresa pode ser a melhor solu\u00e7\u00e3o. Neste caso, o ent\u00e3o empregado abdica dessa condi\u00e7\u00e3o para poder ter seus pr\u00f3prios clientes e controlar seu neg\u00f3cio.<\/p>\n<p><iframe loading=\"lazy\" title=\"PJ ou CLT: Qual \u00e9 o melhor formato para ser contratado?\" width=\"800\" height=\"450\" src=\"https:\/\/www.youtube.com\/embed\/r2D1-X058MM?feature=oembed\" frameborder=\"0\" allow=\"accelerometer; autoplay; clipboard-write; encrypted-media; gyroscope; picture-in-picture\" allowfullscreen><\/iframe><\/p>\n<p>Para come\u00e7ar a verificar qual \u00e9 a melhor op\u00e7\u00e3o &#8211; CLT ou PJ -, \u00e9 necess\u00e1rio compreender que n\u00e3o existe uma regra. Diversas vari\u00e1veis podem influenciar nessa decis\u00e3o e no rumo a se tomar. Alguns exemplos s\u00e3o objetivos futuros, estabilidade financeira, possibilidade de crescimento, import\u00e2ncia de um plano de carreira, metas pessoais, entre muitos outros fatores. Posto isso, a primeira coisa a se fazer \u00e9 tra\u00e7ar seu perfil respondendo a alguns desses t\u00f3picos. Com isso, as caracter\u00edsticas de cada regime v\u00e3o ficar mais claras dentro de seus respectivos objetivos.<\/p>\n<p>Depois, \u00e9 importante entender os conceitos e algumas das principais caracter\u00edsticas dos dois modelos de contrata\u00e7\u00e3o. Ent\u00e3o, vamos l\u00e1:<\/p>\n<h2>CLT ou PJ? Entenda os conceitos<\/h2>\n<h3><img decoding=\"async\" loading=\"lazy\" class=\"aligncenter size-full wp-image-51776\" src=\"\/blog\/content\/uploads\/2016\/04\/Trabalhar-como-PJ-pode-ser-mais-vantagem.jpg\" alt=\"Trabalhar como PJ pode ser mais vantagem\" width=\"700\" height=\"400\" srcset=\"https:\/\/conube.com.br\/blog\/wp-content\/uploads\/2016\/04\/Trabalhar-como-PJ-pode-ser-mais-vantagem.jpg 700w, https:\/\/conube.com.br\/blog\/wp-content\/uploads\/2016\/04\/Trabalhar-como-PJ-pode-ser-mais-vantagem-300x171.jpg 300w, https:\/\/conube.com.br\/blog\/wp-content\/uploads\/2016\/04\/Trabalhar-como-PJ-pode-ser-mais-vantagem-265x151.jpg 265w, https:\/\/conube.com.br\/blog\/wp-content\/uploads\/2016\/04\/Trabalhar-como-PJ-pode-ser-mais-vantagem-680x389.jpg 680w, https:\/\/conube.com.br\/blog\/wp-content\/uploads\/2016\/04\/Trabalhar-como-PJ-pode-ser-mais-vantagem-500x286.jpg 500w, https:\/\/conube.com.br\/blog\/wp-content\/uploads\/2016\/04\/Trabalhar-como-PJ-pode-ser-mais-vantagem-400x229.jpg 400w, https:\/\/conube.com.br\/blog\/wp-content\/uploads\/2016\/04\/Trabalhar-como-PJ-pode-ser-mais-vantagem-200x114.jpg 200w, https:\/\/conube.com.br\/blog\/wp-content\/uploads\/2016\/04\/Trabalhar-como-PJ-pode-ser-mais-vantagem-50x29.jpg 50w\" sizes=\"(max-width: 700px) 100vw, 700px\" \/><\/h3>\n<h3>CLT<\/h3>\n<p>A sigla significa Consolida\u00e7\u00e3o das Leis do Trabalho. Surgiu no Dia do Trabalho, em 1\u00ba de maio de 1943, e foi considerada uma grande conquista da sociedade brasileira. Foi a partir desse momento que a rela\u00e7\u00e3o dos trabalhadores com as empresas contratantes foi regulamentada.<\/p>\n<p>Neste regime de contrata\u00e7\u00e3o, o funcion\u00e1rio pode desfrutar de alguns benef\u00edcios estabelecidos pela lei, como f\u00e9rias, Fundo de Garantia por Tempo de Servi\u00e7o (FGTS), plano de sa\u00fade, vale-refei\u00e7\u00e3o, vale-transporte, entre outros. H\u00e1 uma seguran\u00e7a maior quanto \u00e0 remunera\u00e7\u00e3o e algumas vantagens no caso de demiss\u00e3o, como FGTS e multa por rescis\u00e3o.<\/p>\n<p>Mas nem tudo s\u00e3o flores. Analisando apenas essas vantagens, a op\u00e7\u00e3o mais interessante parece \u00f3bvia. Mas tamb\u00e9m h\u00e1 algumas desvantagens importantes, dependendo da situa\u00e7\u00e3o e do seu objetivo. A primeira que salta \u00e0 vista \u00e9 que, apesar dos benef\u00edcios, o sal\u00e1rio registrado na carteira n\u00e3o \u00e9 o dinheiro que cai na m\u00e3o do funcion\u00e1rio \u2013 \u00e9 sempre menor. Isso porque o INSS, imposto de renda e em alguns casos os vales s\u00e3o descontados do valor que ele recebe.<\/p>\n<p>Outro ponto a ser considerado \u00e9 que quem trabalha com registro em carteira precisa ter uma rotina fixa e um hor\u00e1rio determinado a cumprir, o que, via de regra, n\u00e3o pode acontecer com prestadores de servi\u00e7o que s\u00e3o PJ.<\/p>\n<p><a href=\"https:\/\/www.conube.com.br\/abrir-empresa\/?utm_source=blog&amp;utm_medium=cta&amp;utm_campaign=duvida-abrir-empresa_v1\"><img decoding=\"async\" loading=\"lazy\" class=\"aligncenter wp-image-53389 size-full\" src=\"\/blog\/wp-content\/uploads\/2020\/08\/Site-D\u00favida-Abrir-Empresa_v2.png\" alt=\"\" width=\"694\" height=\"321\" srcset=\"https:\/\/conube.com.br\/blog\/wp-content\/uploads\/2020\/08\/Site-D\u00favida-Abrir-Empresa_v2.png 694w, https:\/\/conube.com.br\/blog\/wp-content\/uploads\/2020\/08\/Site-D\u00favida-Abrir-Empresa_v2-300x139.png 300w, https:\/\/conube.com.br\/blog\/wp-content\/uploads\/2020\/08\/Site-D\u00favida-Abrir-Empresa_v2-265x123.png 265w\" sizes=\"(max-width: 694px) 100vw, 694px\" \/><\/a><\/p>\n<h3><strong>PJ<\/strong><\/h3>\n<p>Sendo contratado como Pessoa Jur\u00eddica (PJ), a situa\u00e7\u00e3o do funcion\u00e1rio \u00e9 completamente diferente. O sal\u00e1rio acordado n\u00e3o tem desconto, mas ele tamb\u00e9m n\u00e3o pode desfrutar dos benef\u00edcios oferecidos ao CLT. Neste caso, ele mesmo tem que arcar com alguns poss\u00edveis custos, como alimenta\u00e7\u00e3o, transporte, planos de sa\u00fade, entre outros. Ent\u00e3o, \u00e9 importante alguns desses pontos j\u00e1 serem considerados na hora de se combinar valores e se considerar este modelo.<\/p>\n<p>Por outro lado, apesar de n\u00e3o ter os benef\u00edcios \u00e0 disposi\u00e7\u00e3o, que s\u00e3o concedidos normalmente s\u00f3 a quem trabalha com carteira registrada, o PJ tamb\u00e9m n\u00e3o precisa cumprir jornada de trabalho fixa ou at\u00e9 mesmo receber ordens de superiores. Em tese, \u00e9 um acordo de presta\u00e7\u00e3o de servi\u00e7os. Ent\u00e3o ele deve apenas cumprir o que foi estabelecido em contrato, logo, tem mais liberdade no trabalho.<\/p>\n<p>Uma preocupa\u00e7\u00e3o de quem trabalha como Pessoa Jur\u00eddica deve ser pensar no futuro. Como n\u00e3o tem direito a FGTS, \u00e9 importante guardar um dinheiro todo m\u00eas. A pessoa vai precisar saber administrar bem esse lado financeiro para n\u00e3o se perder. A aposentadoria pode ser outro aspecto a ser dado muita aten\u00e7\u00e3o. \u00c9 necess\u00e1rio pensar em uma forma de contribuir com o INSS para n\u00e3o ficar totalmente desamparado l\u00e1 na frente, e \u00e9 a\u00ed que come\u00e7a a entrar a ideia de se formalizar e regularizar suas rendas.<\/p>\n<h2>Abrir empresa: uma necessidade positiva<\/h2>\n<p>Um ponto muito importante para quem decide trabalhar como Pessoa Jur\u00eddica \u00e9 ter aten\u00e7\u00e3o com a regulariza\u00e7\u00e3o do dinheiro que recebe. O que acontece muito ainda hoje em dia \u00e9 que profissionais atuam como PJ, mas n\u00e3o tem nenhuma forma de declarar seus ganhos e nem de comprovar sua renda. Desta forma, al\u00e9m de n\u00e3o contribuir com o INSS, isso pode trazer s\u00e9rios problemas com a Receita Federal, que est\u00e1 cada vez mais apertando o cerco com rela\u00e7\u00e3o \u00e0 sonega\u00e7\u00e3o de impostos.<\/p>\n<p>A boa not\u00edcia \u00e9 que hoje em dia h\u00e1 muitas boas op\u00e7\u00f5es para se formalizar, <a href=\"\/abrir-empresa\/\" target=\"_blank\" rel=\"noopener noreferrer\">abrir empresa<\/a> a partir de v\u00e1rios modelos que podem se adaptar a um determinado perfil de profissional. O <a href=\"\/blog\/saiba-se-voce-pode-ser-um-microempreendedor-individual\/\" target=\"_blank\" rel=\"noopener noreferrer\">MEI<\/a> (Microempreendedor Individual), por exemplo, pode ser uma boa alternativa para quem est\u00e1 faturando at\u00e9 R$ 81 mil por ano. Este modelo tamb\u00e9m tem limita\u00e7\u00f5es com rela\u00e7\u00e3o \u00e0 atividade, mas permite muitas op\u00e7\u00f5es. Vale a pena pesquisar.<\/p>\n<h3>E se o MEI n\u00e3o funcionar?<\/h3>\n<p><img decoding=\"async\" loading=\"lazy\" class=\"size-full wp-image-51774\" src=\"\/blog\/content\/uploads\/2016\/04\/CLT-ou-PJ.jpg\" alt=\"CLT ou PJ\" width=\"700\" height=\"400\" srcset=\"https:\/\/conube.com.br\/blog\/wp-content\/uploads\/2016\/04\/CLT-ou-PJ.jpg 700w, https:\/\/conube.com.br\/blog\/wp-content\/uploads\/2016\/04\/CLT-ou-PJ-300x171.jpg 300w, https:\/\/conube.com.br\/blog\/wp-content\/uploads\/2016\/04\/CLT-ou-PJ-265x151.jpg 265w, https:\/\/conube.com.br\/blog\/wp-content\/uploads\/2016\/04\/CLT-ou-PJ-680x389.jpg 680w, https:\/\/conube.com.br\/blog\/wp-content\/uploads\/2016\/04\/CLT-ou-PJ-500x286.jpg 500w, https:\/\/conube.com.br\/blog\/wp-content\/uploads\/2016\/04\/CLT-ou-PJ-400x229.jpg 400w, https:\/\/conube.com.br\/blog\/wp-content\/uploads\/2016\/04\/CLT-ou-PJ-200x114.jpg 200w, https:\/\/conube.com.br\/blog\/wp-content\/uploads\/2016\/04\/CLT-ou-PJ-50x29.jpg 50w\" sizes=\"(max-width: 700px) 100vw, 700px\" \/><\/p>\n<p>Se o MEI n\u00e3o funcionar, h\u00e1 ainda outras alternativas de empresas sem s\u00f3cios. O\u00a0<a href=\"\/blog\/mei-empresario-individual-e-eireli-entenda-principais-diferencas\/\" target=\"_blank\" rel=\"noopener noreferrer\">Empres\u00e1rio Individual e a EIRELI<\/a>\u00a0j\u00e1 s\u00e3o tipos que permitem um faturamento bem mais confort\u00e1vel. Cada um tem suas caracter\u00edsticas pr\u00f3prias tamb\u00e9m. O Empres\u00e1rio Individual, por exemplo, permite que o neg\u00f3cio possa come\u00e7ar sem um capital social pr\u00e9-determinado. Mas esse modelo n\u00e3o segrega os bens da pessoa f\u00edsica e da pessoa jur\u00eddica. J\u00e1 a <a href=\"\/blog\/o-que-e-eireli-entenda-como-funciona-esse-tipo-de-formato-juridico\/\" target=\"_blank\" rel=\"noopener noreferrer\">EIRELI<\/a> \u00e9 um modelo que separa os bens das duas pessoas no caso de uma disputa judicial. Por\u00e9m, ela s\u00f3 \u00e9 permitida abrir empresa com um capital social de, no m\u00ednimo, cem sal\u00e1rios m\u00ednimos, devidamente integralizados. Este valor, hoje est\u00e1 em R$ 110.000,00.<\/p>\n<p>Mas trabalhar com empresa aberta pode trazer muitas vantagens ao profissional. Al\u00e9m de poder come\u00e7ar o pr\u00f3prio neg\u00f3cio e ter v\u00e1rios clientes, possibilita que o leque de atividades seja ampliado, que tente se conciliar outros trabalhos em fun\u00e7\u00e3o do hor\u00e1rio possivelmente mais flex\u00edvel e, consequentemente, uma chance interessante de aumentar a renda mensal. Fora isso, a pessoa jur\u00eddica tem algumas facilidades, como descontos em planos de sa\u00fade, em compras de carros, em planos de telefonia, entre outras.<\/p>\n<h3><a href=\"\/blog\/qual-o-melhor-tipo-de-empresa-para-o-meu-negocio\/\" target=\"_blank\" rel=\"noopener noreferrer\">Qual o melhor tipo de empresa para o meu neg\u00f3cio?<\/a><\/h3>\n<h2>Colocando na ponta do l\u00e1pis<\/h2>\n<p>Enfim, o ideal a fazer \u00e9 realmente fazer uma pesquisa e analisar as possibilidades. Deve-se fazer as contas e definir se vale mais a pena trabalhar como CLT ou PJ. Sendo PJ, sempre lembrar de considerar a formaliza\u00e7\u00e3o e as vantagens que v\u00eam com ela. Neste aspecto, consulte um profissional que possa lhe orientar com rela\u00e7\u00e3o ao melhor modelo a ser escolhido, de acordo com o seu perfil de profissional e empreendedor.<\/p>\n<p><strong>Quer entender mais sobre os modelos CLT ou PJ? Consulte a equipe da <a href=\"\/\" target=\"_blank\" rel=\"noopener noreferrer\">Conube<\/a>!<\/strong><\/p>\n<p><a href=\"https:\/\/www.conube.com.br\/abrir-empresa\/?utm_source=blog&amp;utm_medium=cta&amp;utm_campaign=duvida-formatos-empresa_v1\"><img decoding=\"async\" loading=\"lazy\" class=\"aligncenter wp-image-53391 size-full\" src=\"\/blog\/wp-content\/uploads\/2020\/08\/Site-D\u00favida-Formatos-Empresa_v2.png\" alt=\"\" width=\"710\" height=\"378\" srcset=\"https:\/\/conube.com.br\/blog\/wp-content\/uploads\/2020\/08\/Site-D\u00favida-Formatos-Empresa_v2.png 710w, https:\/\/conube.com.br\/blog\/wp-content\/uploads\/2020\/08\/Site-D\u00favida-Formatos-Empresa_v2-300x160.png 300w, https:\/\/conube.com.br\/blog\/wp-content\/uploads\/2020\/08\/Site-D\u00favida-Formatos-Empresa_v2-265x141.png 265w\" sizes=\"(max-width: 710px) 100vw, 710px\" \/><\/a><\/p>\n","protected":false},"excerpt":{"rendered":"<p>Em muitos casos, funcion\u00e1rio e empregador se veem em um dilema com rela\u00e7\u00e3o ao regime de contrata\u00e7\u00e3o mais adequado para cada caso. H\u00e1 empresas que j\u00e1 adotam um certo padr\u00e3o e n\u00e3o muito o que se discutir, mas em outras situa\u00e7\u00f5es, \u00e9 poss\u00edvel colocar na balan\u00e7a os pr\u00f3s e contras de cada op\u00e7\u00e3o e verificar [&hellip;]<\/p>\n","protected":false},"author":31,"featured_media":50052,"comment_status":"open","ping_status":"open","sticky":false,"template":"","format":"image","meta":{"content-type":""},"categories":[111],"tags":[],"yoast_head":"<!-- This site is optimized with the Yoast SEO plugin v20.1 - https:\/\/yoast.com\/wordpress\/plugins\/seo\/ -->\n<title>CLT ou PJ: Saiba qual regime de contrata\u00e7\u00e3o \u00e9 melhor para voc\u00ea? - Blog da Conube - Contabilidade e empreendedorismo<\/title>\n<meta name=\"description\" content=\"Em muitos casos, funcion\u00e1rio e empregador se veem em um dilema com rela\u00e7\u00e3o ao regime de contrata\u00e7\u00e3o mais adequado. Afinal, CLT ou PJ? Tire suas d\u00favidas.\" \/>\n<meta name=\"robots\" content=\"index, follow, max-snippet:-1, max-image-preview:large, max-video-preview:-1\" \/>\n<link rel=\"canonical\" href=\"https:\/\/conube.com.br\/blog\/clt-ou-pj\/\" \/>\n<meta property=\"og:locale\" content=\"pt_BR\" \/>\n<meta property=\"og:type\" content=\"article\" \/>\n<meta property=\"og:title\" content=\"CLT ou PJ: Saiba qual regime de contrata\u00e7\u00e3o \u00e9 melhor para voc\u00ea? - Blog da Conube - Contabilidade e empreendedorismo\" \/>\n<meta property=\"og:description\" content=\"Em muitos casos, funcion\u00e1rio e empregador se veem em um dilema com rela\u00e7\u00e3o ao regime de contrata\u00e7\u00e3o mais adequado. Afinal, CLT ou PJ? Tire suas d\u00favidas.\" \/>\n<meta property=\"og:url\" content=\"https:\/\/conube.com.br\/blog\/clt-ou-pj\/\" \/>\n<meta property=\"og:site_name\" content=\"Blog da Conube - Contabilidade e empreendedorismo\" \/>\n<meta property=\"article:publisher\" content=\"https:\/\/www.facebook.com\/conube\/\" \/>\n<meta property=\"article:published_time\" content=\"2016-04-15T16:52:29+00:00\" \/>\n<meta property=\"article:modified_time\" content=\"2022-08-08T13:28:21+00:00\" \/>\n<meta property=\"og:image\" content=\"https:\/\/conube.com.br\/blog\/wp-content\/uploads\/2016\/04\/qual-compensa-mais-CLT-ou-PJ.jpg\" \/>\n\t<meta property=\"og:image:width\" content=\"750\" \/>\n\t<meta property=\"og:image:height\" content=\"350\" \/>\n\t<meta property=\"og:image:type\" content=\"image\/jpeg\" \/>\n<meta name=\"author\" content=\"Jos\u00e9 Carlos R. J\u00fanior\" \/>\n<meta name=\"twitter:card\" content=\"summary_large_image\" \/>\n<meta name=\"twitter:creator\" content=\"@conubeweb\" \/>\n<meta name=\"twitter:site\" content=\"@conubeweb\" \/>\n<meta name=\"twitter:label1\" content=\"Escrito por\" \/>\n\t<meta name=\"twitter:data1\" content=\"Jos\u00e9 Carlos R. J\u00fanior\" \/>\n\t<meta name=\"twitter:label2\" content=\"Est. tempo de leitura\" \/>\n\t<meta name=\"twitter:data2\" content=\"7 minutos\" \/>\n<script type=\"application\/ld+json\" class=\"yoast-schema-graph\">{\"@context\":\"https:\/\/schema.org\",\"@graph\":[{\"@type\":\"Article\",\"@id\":\"https:\/\/conube.com.br\/blog\/clt-ou-pj\/#article\",\"isPartOf\":{\"@id\":\"https:\/\/conube.com.br\/blog\/clt-ou-pj\/\"},\"author\":{\"name\":\"Jos\u00e9 Carlos R. J\u00fanior\",\"@id\":\"https:\/\/conube.com.br\/blog\/#\/schema\/person\/dd1b10955caba11673a399d19e798ed3\"},\"headline\":\"CLT ou PJ: Saiba qual regime de contrata\u00e7\u00e3o \u00e9 melhor para voc\u00ea?\",\"datePublished\":\"2016-04-15T16:52:29+00:00\",\"dateModified\":\"2022-08-08T13:28:21+00:00\",\"mainEntityOfPage\":{\"@id\":\"https:\/\/conube.com.br\/blog\/clt-ou-pj\/\"},\"wordCount\":1221,\"commentCount\":3,\"publisher\":{\"@id\":\"https:\/\/conube.com.br\/blog\/#organization\"},\"articleSection\":[\"Novidades\"],\"inLanguage\":\"pt-BR\",\"potentialAction\":[{\"@type\":\"CommentAction\",\"name\":\"Comment\",\"target\":[\"https:\/\/conube.com.br\/blog\/clt-ou-pj\/#respond\"]}]},{\"@type\":\"WebPage\",\"@id\":\"https:\/\/conube.com.br\/blog\/clt-ou-pj\/\",\"url\":\"https:\/\/conube.com.br\/blog\/clt-ou-pj\/\",\"name\":\"CLT ou PJ: Saiba qual regime de contrata\u00e7\u00e3o \u00e9 melhor para voc\u00ea? - Blog da Conube - Contabilidade e empreendedorismo\",\"isPartOf\":{\"@id\":\"https:\/\/conube.com.br\/blog\/#website\"},\"datePublished\":\"2016-04-15T16:52:29+00:00\",\"dateModified\":\"2022-08-08T13:28:21+00:00\",\"description\":\"Em muitos casos, funcion\u00e1rio e empregador se veem em um dilema com rela\u00e7\u00e3o ao regime de contrata\u00e7\u00e3o mais adequado. Afinal, CLT ou PJ? Tire suas d\u00favidas.\",\"breadcrumb\":{\"@id\":\"https:\/\/conube.com.br\/blog\/clt-ou-pj\/#breadcrumb\"},\"inLanguage\":\"pt-BR\",\"potentialAction\":[{\"@type\":\"ReadAction\",\"target\":[\"https:\/\/conube.com.br\/blog\/clt-ou-pj\/\"]}]},{\"@type\":\"BreadcrumbList\",\"@id\":\"https:\/\/conube.com.br\/blog\/clt-ou-pj\/#breadcrumb\",\"itemListElement\":[{\"@type\":\"ListItem\",\"position\":1,\"name\":\"In\u00edcio\",\"item\":\"https:\/\/conube.com.br\/blog\/\"},{\"@type\":\"ListItem\",\"position\":2,\"name\":\"CLT ou PJ: Saiba qual regime de contrata\u00e7\u00e3o \u00e9 melhor para voc\u00ea?\"}]},{\"@type\":\"WebSite\",\"@id\":\"https:\/\/conube.com.br\/blog\/#website\",\"url\":\"https:\/\/conube.com.br\/blog\/\",\"name\":\"Blog da Conube - Contabilidade e empreendedorismo\",\"description\":\"Fique por dentro de diversas novidades e dicas sobre neg\u00f3cios e contabilidade que ajudam na gest\u00e3o do seu neg\u00f3cio. Saiba mais.\",\"publisher\":{\"@id\":\"https:\/\/conube.com.br\/blog\/#organization\"},\"potentialAction\":[{\"@type\":\"SearchAction\",\"target\":{\"@type\":\"EntryPoint\",\"urlTemplate\":\"https:\/\/conube.com.br\/blog\/?s={search_term_string}\"},\"query-input\":\"required name=search_term_string\"}],\"inLanguage\":\"pt-BR\"},{\"@type\":\"Organization\",\"@id\":\"https:\/\/conube.com.br\/blog\/#organization\",\"name\":\"Blog da Conube - Contabilidade e empreendedorismo\",\"url\":\"https:\/\/conube.com.br\/blog\/\",\"logo\":{\"@type\":\"ImageObject\",\"inLanguage\":\"pt-BR\",\"@id\":\"https:\/\/conube.com.br\/blog\/#\/schema\/logo\/image\/\",\"url\":\"https:\/\/conube.com.br\/blog\/wp-content\/uploads\/2025\/10\/logo-conube.png\",\"contentUrl\":\"https:\/\/conube.com.br\/blog\/wp-content\/uploads\/2025\/10\/logo-conube.png\",\"width\":222,\"height\":61,\"caption\":\"Blog da Conube - Contabilidade e empreendedorismo\"},\"image\":{\"@id\":\"https:\/\/conube.com.br\/blog\/#\/schema\/logo\/image\/\"},\"sameAs\":[\"https:\/\/www.facebook.com\/conube\/\",\"https:\/\/twitter.com\/conubeweb\",\"https:\/\/www.instagram.com\/conubeweb\/\",\"https:\/\/www.linkedin.com\/company\/conube\",\"https:\/\/www.youtube.com\/user\/ContabilidadeOnline\"]},{\"@type\":\"Person\",\"@id\":\"https:\/\/conube.com.br\/blog\/#\/schema\/person\/dd1b10955caba11673a399d19e798ed3\",\"name\":\"Jos\u00e9 Carlos R. J\u00fanior\",\"image\":{\"@type\":\"ImageObject\",\"inLanguage\":\"pt-BR\",\"@id\":\"https:\/\/conube.com.br\/blog\/#\/schema\/person\/image\/\",\"url\":\"https:\/\/secure.gravatar.com\/avatar\/9fbc5dfcaf8b34c9a5488acb9eda2110?s=96&d=mm&r=g\",\"contentUrl\":\"https:\/\/secure.gravatar.com\/avatar\/9fbc5dfcaf8b34c9a5488acb9eda2110?s=96&d=mm&r=g\",\"caption\":\"Jos\u00e9 Carlos R. J\u00fanior\"},\"description\":\"Jos\u00e9 Carlos R. J\u00fanior \u00e9 jornalista, redator e revisor de textos. Trazendo uma experi\u00eancia de mais de 10 anos gerenciando editorias em diversas m\u00eddias online e impressas, \u00e9 hoje o respons\u00e1vel pela gest\u00e3o de conte\u00fados e de comunica\u00e7\u00e3o da Conube.\",\"url\":\"https:\/\/conube.com.br\/blog\/author\/lobao\/\"}]}<\/script>\n<!-- \/ Yoast SEO plugin. -->","yoast_head_json":{"title":"CLT ou PJ: Saiba qual regime de contrata\u00e7\u00e3o \u00e9 melhor para voc\u00ea? - Blog da Conube - Contabilidade e empreendedorismo","description":"Em muitos casos, funcion\u00e1rio e empregador se veem em um dilema com rela\u00e7\u00e3o ao regime de contrata\u00e7\u00e3o mais adequado. Afinal, CLT ou PJ? Tire suas d\u00favidas.","robots":{"index":"index","follow":"follow","max-snippet":"max-snippet:-1","max-image-preview":"max-image-preview:large","max-video-preview":"max-video-preview:-1"},"canonical":"https:\/\/conube.com.br\/blog\/clt-ou-pj\/","og_locale":"pt_BR","og_type":"article","og_title":"CLT ou PJ: Saiba qual regime de contrata\u00e7\u00e3o \u00e9 melhor para voc\u00ea? - Blog da Conube - Contabilidade e empreendedorismo","og_description":"Em muitos casos, funcion\u00e1rio e empregador se veem em um dilema com rela\u00e7\u00e3o ao regime de contrata\u00e7\u00e3o mais adequado. Afinal, CLT ou PJ? Tire suas d\u00favidas.","og_url":"https:\/\/conube.com.br\/blog\/clt-ou-pj\/","og_site_name":"Blog da Conube - Contabilidade e empreendedorismo","article_publisher":"https:\/\/www.facebook.com\/conube\/","article_published_time":"2016-04-15T16:52:29+00:00","article_modified_time":"2022-08-08T13:28:21+00:00","og_image":[{"width":750,"height":350,"url":"https:\/\/conube.com.br\/blog\/wp-content\/uploads\/2016\/04\/qual-compensa-mais-CLT-ou-PJ.jpg","type":"image\/jpeg"}],"author":"Jos\u00e9 Carlos R. J\u00fanior","twitter_card":"summary_large_image","twitter_creator":"@conubeweb","twitter_site":"@conubeweb","twitter_misc":{"Escrito por":"Jos\u00e9 Carlos R. J\u00fanior","Est. tempo de leitura":"7 minutos"},"schema":{"@context":"https:\/\/schema.org","@graph":[{"@type":"Article","@id":"https:\/\/conube.com.br\/blog\/clt-ou-pj\/#article","isPartOf":{"@id":"https:\/\/conube.com.br\/blog\/clt-ou-pj\/"},"author":{"name":"Jos\u00e9 Carlos R. J\u00fanior","@id":"https:\/\/conube.com.br\/blog\/#\/schema\/person\/dd1b10955caba11673a399d19e798ed3"},"headline":"CLT ou PJ: Saiba qual regime de contrata\u00e7\u00e3o \u00e9 melhor para voc\u00ea?","datePublished":"2016-04-15T16:52:29+00:00","dateModified":"2022-08-08T13:28:21+00:00","mainEntityOfPage":{"@id":"https:\/\/conube.com.br\/blog\/clt-ou-pj\/"},"wordCount":1221,"commentCount":3,"publisher":{"@id":"https:\/\/conube.com.br\/blog\/#organization"},"articleSection":["Novidades"],"inLanguage":"pt-BR","potentialAction":[{"@type":"CommentAction","name":"Comment","target":["https:\/\/conube.com.br\/blog\/clt-ou-pj\/#respond"]}]},{"@type":"WebPage","@id":"https:\/\/conube.com.br\/blog\/clt-ou-pj\/","url":"https:\/\/conube.com.br\/blog\/clt-ou-pj\/","name":"CLT ou PJ: Saiba qual regime de contrata\u00e7\u00e3o \u00e9 melhor para voc\u00ea? - Blog da Conube - Contabilidade e empreendedorismo","isPartOf":{"@id":"https:\/\/conube.com.br\/blog\/#website"},"datePublished":"2016-04-15T16:52:29+00:00","dateModified":"2022-08-08T13:28:21+00:00","description":"Em muitos casos, funcion\u00e1rio e empregador se veem em um dilema com rela\u00e7\u00e3o ao regime de contrata\u00e7\u00e3o mais adequado. Afinal, CLT ou PJ? Tire suas d\u00favidas.","breadcrumb":{"@id":"https:\/\/conube.com.br\/blog\/clt-ou-pj\/#breadcrumb"},"inLanguage":"pt-BR","potentialAction":[{"@type":"ReadAction","target":["https:\/\/conube.com.br\/blog\/clt-ou-pj\/"]}]},{"@type":"BreadcrumbList","@id":"https:\/\/conube.com.br\/blog\/clt-ou-pj\/#breadcrumb","itemListElement":[{"@type":"ListItem","position":1,"name":"In\u00edcio","item":"https:\/\/conube.com.br\/blog\/"},{"@type":"ListItem","position":2,"name":"CLT ou PJ: Saiba qual regime de contrata\u00e7\u00e3o \u00e9 melhor para voc\u00ea?"}]},{"@type":"WebSite","@id":"https:\/\/conube.com.br\/blog\/#website","url":"https:\/\/conube.com.br\/blog\/","name":"Blog da Conube - Contabilidade e empreendedorismo","description":"Fique por dentro de diversas novidades e dicas sobre neg\u00f3cios e contabilidade que ajudam na gest\u00e3o do seu neg\u00f3cio. Saiba mais.","publisher":{"@id":"https:\/\/conube.com.br\/blog\/#organization"},"potentialAction":[{"@type":"SearchAction","target":{"@type":"EntryPoint","urlTemplate":"https:\/\/conube.com.br\/blog\/?s={search_term_string}"},"query-input":"required name=search_term_string"}],"inLanguage":"pt-BR"},{"@type":"Organization","@id":"https:\/\/conube.com.br\/blog\/#organization","name":"Blog da Conube - Contabilidade e empreendedorismo","url":"https:\/\/conube.com.br\/blog\/","logo":{"@type":"ImageObject","inLanguage":"pt-BR","@id":"https:\/\/conube.com.br\/blog\/#\/schema\/logo\/image\/","url":"https:\/\/conube.com.br\/blog\/wp-content\/uploads\/2025\/10\/logo-conube.png","contentUrl":"https:\/\/conube.com.br\/blog\/wp-content\/uploads\/2025\/10\/logo-conube.png","width":222,"height":61,"caption":"Blog da Conube - Contabilidade e empreendedorismo"},"image":{"@id":"https:\/\/conube.com.br\/blog\/#\/schema\/logo\/image\/"},"sameAs":["https:\/\/www.facebook.com\/conube\/","https:\/\/twitter.com\/conubeweb","https:\/\/www.instagram.com\/conubeweb\/","https:\/\/www.linkedin.com\/company\/conube","https:\/\/www.youtube.com\/user\/ContabilidadeOnline"]},{"@type":"Person","@id":"https:\/\/conube.com.br\/blog\/#\/schema\/person\/dd1b10955caba11673a399d19e798ed3","name":"Jos\u00e9 Carlos R. J\u00fanior","image":{"@type":"ImageObject","inLanguage":"pt-BR","@id":"https:\/\/conube.com.br\/blog\/#\/schema\/person\/image\/","url":"https:\/\/secure.gravatar.com\/avatar\/9fbc5dfcaf8b34c9a5488acb9eda2110?s=96&d=mm&r=g","contentUrl":"https:\/\/secure.gravatar.com\/avatar\/9fbc5dfcaf8b34c9a5488acb9eda2110?s=96&d=mm&r=g","caption":"Jos\u00e9 Carlos R. J\u00fanior"},"description":"Jos\u00e9 Carlos R. J\u00fanior \u00e9 jornalista, redator e revisor de textos. Trazendo uma experi\u00eancia de mais de 10 anos gerenciando editorias em diversas m\u00eddias online e impressas, \u00e9 hoje o respons\u00e1vel pela gest\u00e3o de conte\u00fados e de comunica\u00e7\u00e3o da Conube.","url":"https:\/\/conube.com.br\/blog\/author\/lobao\/"}]}},"_links":{"self":[{"href":"https:\/\/conube.com.br\/blog\/wp-json\/wp\/v2\/posts\/28801"}],"collection":[{"href":"https:\/\/conube.com.br\/blog\/wp-json\/wp\/v2\/posts"}],"about":[{"href":"https:\/\/conube.com.br\/blog\/wp-json\/wp\/v2\/types\/post"}],"author":[{"embeddable":true,"href":"https:\/\/conube.com.br\/blog\/wp-json\/wp\/v2\/users\/31"}],"replies":[{"embeddable":true,"href":"https:\/\/conube.com.br\/blog\/wp-json\/wp\/v2\/comments?post=28801"}],"version-history":[{"count":0,"href":"https:\/\/conube.com.br\/blog\/wp-json\/wp\/v2\/posts\/28801\/revisions"}],"wp:featuredmedia":[{"embeddable":true,"href":"https:\/\/conube.com.br\/blog\/wp-json\/wp\/v2\/media\/50052"}],"wp:attachment":[{"href":"https:\/\/conube.com.br\/blog\/wp-json\/wp\/v2\/media?parent=28801"}],"wp:term":[{"taxonomy":"category","embeddable":true,"href":"https:\/\/conube.com.br\/blog\/wp-json\/wp\/v2\/categories?post=28801"},{"taxonomy":"post_tag","embeddable":true,"href":"https:\/\/conube.com.br\/blog\/wp-json\/wp\/v2\/tags?post=28801"}],"curies":[{"name":"wp","href":"https:\/\/api.w.org\/{rel}","templated":true}]}}