{"id":49841,"date":"2017-03-17T17:46:29","date_gmt":"2017-03-17T17:46:29","guid":{"rendered":"https:\/\/dev.conube.com.br\/?p=49841"},"modified":"2021-03-22T11:01:31","modified_gmt":"2021-03-22T14:01:31","slug":"o-que-e-defis","status":"publish","type":"post","link":"https:\/\/conube.com.br\/blog\/o-que-e-defis\/","title":{"rendered":"O que \u00e9 DEFIS? Tudo que voc\u00ea precisa saber sobre essa obriga\u00e7\u00e3o acess\u00f3ria"},"content":{"rendered":"<p>Voc\u00ea sabe o que \u00e9 DEFIS? Conhece\u00a0sua import\u00e2ncia para as empresas optantes pelo regime Simples Nacional? Quer saber mais sobre o assunto? Este artigo vai fazer voc\u00ea entender melhor a correla\u00e7\u00e3o entre o Simples e a entrega dessa <a href=\"\/blog\/o-que-sao-obrigacoes-acessorias\/\">obriga\u00e7\u00e3o acess\u00f3ria<\/a>.<\/p>\n<p>Conforme citado no post \u201c<a href=\"\/blog\/tudo-sobre-o-simples-nacional\/\">Tudo sobre o Simples Nacional<\/a>\u201d, o Simples \u00e9 um regime tribut\u00e1rio que unifica os principais tributos e contribui\u00e7\u00f5es existentes no pa\u00eds. \u00c9 orientado pela <a href=\"http:\/\/www.planalto.gov.br\/ccivil_03\/leis\/LCP\/Lcp123.htm\" target=\"_blank\" rel=\"noopener noreferrer\">Lei Complementar 123\/2006<\/a> e encontra-se em vigor desde 01\/07\/2007, tendo sofrido diversas altera\u00e7\u00f5es desde sua publica\u00e7\u00e3o.<\/p>\n<p><a href=\"https:\/\/seja.conube.com.br\/webinar-novo-simples-nacional\/?utm_source=blog&amp;utm_medium=cta&amp;utm_campaign=webinar-simples-nacional-v1\"><img decoding=\"async\" loading=\"lazy\" class=\"aligncenter wp-image-53402 size-full\" src=\"\/blog\/wp-content\/uploads\/2020\/08\/Webinar-Simples-Nacional_v1.png\" alt=\"\" width=\"707\" height=\"293\" srcset=\"https:\/\/conube.com.br\/blog\/wp-content\/uploads\/2020\/08\/Webinar-Simples-Nacional_v1.png 707w, https:\/\/conube.com.br\/blog\/wp-content\/uploads\/2020\/08\/Webinar-Simples-Nacional_v1-300x124.png 300w, https:\/\/conube.com.br\/blog\/wp-content\/uploads\/2020\/08\/Webinar-Simples-Nacional_v1-265x110.png 265w\" sizes=\"(max-width: 707px) 100vw, 707px\" \/><\/a><\/p>\n<h2>O que \u00e9 DEFIS e para que serve?<\/h2>\n<p>A Declara\u00e7\u00e3o de Informa\u00e7\u00f5es Socioecon\u00f4micas e Fiscais (DEFIS) tem como objetivo comunicar ao \u00f3rg\u00e3o fiscal (Receita Federal), dados econ\u00f4micos e fiscais da empresa que est\u00e1 ou esteve enquadrada neste regime no per\u00edodo abrangido pela declara\u00e7\u00e3o.<\/p>\n<p><strong>As principais informa\u00e7\u00f5es que devem ser apresentadas em sua DEFIS s\u00e3o:<\/strong><\/p>\n<p>a) Ganhos de capital;<\/p>\n<p>b) Quantidade de empregados no in\u00edcio do per\u00edodo abrangido pela declara\u00e7\u00e3o;<\/p>\n<p>c) Quantidade de empregados no final do per\u00edodo abrangido pela declara\u00e7\u00e3o;<\/p>\n<p>d) Caso a ME (Microempresa) \/ EPP (Empresa de Pequeno Porte) mantenha escritura\u00e7\u00e3o cont\u00e1bil e tenha evidenciado lucro superior ao limite de que trata o \u00a7 1\u00ba do art. 131 da <a href=\"http:\/\/normas.receita.fazenda.gov.br\/sijut2consulta\/link.action?idAto=36833&amp;visao=anotado\" target=\"_blank\" rel=\"noopener noreferrer\">Resolu\u00e7\u00e3o CGSN n\u00ba 94, de 29\/11\/2011<\/a>, no per\u00edodo abrangido por esta declara\u00e7\u00e3o, informe o valor do lucro cont\u00e1bil apurado;<\/p>\n<p>e) Identifica\u00e7\u00e3o e rendimentos dos s\u00f3cios:<\/p>\n<ul>\n<li>CPF e nome;<\/li>\n<li>Rendimentos isentos pagos ao s\u00f3cio pela empresa (Dividendos);<\/li>\n<li>Rendimentos tribut\u00e1veis pagos ao s\u00f3cio pela empresa (Pr\u00f3-labore);<\/li>\n<li>Percentual de participa\u00e7\u00e3o do s\u00f3cio no capital social da empresa no \u00faltimo dia do per\u00edodo abrangido pela declara\u00e7\u00e3o;<\/li>\n<li>Imposto de renda retido na fonte sobre os rendimentos pagos ao s\u00f3cio pela ME\/EPP.<\/li>\n<\/ul>\n<p>f) Saldo em caixa\/banco no in\u00edcio do per\u00edodo abrangido pela declara\u00e7\u00e3o e saldo em caixa\/banco no final do per\u00edodo abrangido pela declara\u00e7\u00e3o;<\/p>\n<p>g) Total de despesas no per\u00edodo abrangido pela declara\u00e7\u00e3o (deve-se informar o total das despesas da PJ no per\u00edodo abrangido, considerando despesas operacionais e n\u00e3o-operacionais, custos, sal\u00e1rios, etc);<\/p>\n<p>h) Mudan\u00e7a de endere\u00e7o do estabelecimento (Caso no per\u00edodo abrangido aconteceram uma ou mais mudan\u00e7as do estabelecimento);<\/p>\n<h2>Prazo e multas<\/h2>\n<p><img decoding=\"async\" loading=\"lazy\" class=\"aligncenter size-full wp-image-49851\" src=\"\/blog\/content\/uploads\/2017\/03\/O-que-\u00e9-DEFIS-e1522068692362.jpg\" alt=\"O que \u00e9 DEFIS\" width=\"700\" height=\"426\" srcset=\"https:\/\/conube.com.br\/blog\/wp-content\/uploads\/2017\/03\/O-que-\u00e9-DEFIS-e1522068692362.jpg 700w, https:\/\/conube.com.br\/blog\/wp-content\/uploads\/2017\/03\/O-que-\u00e9-DEFIS-e1522068692362-300x183.jpg 300w, https:\/\/conube.com.br\/blog\/wp-content\/uploads\/2017\/03\/O-que-\u00e9-DEFIS-e1522068692362-265x161.jpg 265w\" sizes=\"(max-width: 700px) 100vw, 700px\" \/><\/p>\n<p>O prazo de entrega da DEFIS \u00e9 at\u00e9 31 de mar\u00e7o do ano subsequente ao per\u00edodo abrangente que ser\u00e1 declarado.<\/p>\n<p>Essa obriga\u00e7\u00e3o acess\u00f3ria n\u00e3o prev\u00ea multa por atraso na entrega de acordo com o art. 66, \u00a71\u00ba, da Resolu\u00e7\u00e3o CGSN n\u00ba 94, de 2011, no entanto, as apura\u00e7\u00f5es mensais dos per\u00edodos a partir de mar\u00e7o de cada ano no sistema PGDAS-D s\u00f3 poder\u00e3o ser geradas ap\u00f3s a entrega da DEFIS referente ao ano anterior.<\/p>\n<p>Por isso, \u00e9 muito importante que as documenta\u00e7\u00f5es estejam em dia, pois todas as informa\u00e7\u00f5es declaradas, ser\u00e3o obtidas atrav\u00e9s de seus demonstrativos cont\u00e1beis.<\/p>\n<h2>Mais sobre o PGDAS-D<\/h2>\n<p>O PGDAS-D (Programada Gerador do Documento de Arrecada\u00e7\u00e3o do Simples Nacional \u2013 Declarat\u00f3rio) trata-se de um sistema eletr\u00f4nico para apura\u00e7\u00e3o mensal de impostos para empresas optantes pelo regime do Simples nacional.<\/p>\n<p>Destina-se a Microempresas ou Empresas de Pequeno Porte que estejam enquadradas no regime tribut\u00e1rio, onde os dados calculados, s\u00e3o sempre referentes ao m\u00eas anterior ao atual.<\/p>\n<p>Ela \u00e9 feita atrav\u00e9s do pr\u00f3prio site da receita, sem necessidade de instala\u00e7\u00e3o de softwares. Deve ser transmitida at\u00e9 o dia 20 do m\u00eas subsequente ao devido.<\/p>\n<h2>Como \u00e9 feita a\u00a0entrega da\u00a0DEFIS<\/h2>\n<p>A entrega da declara\u00e7\u00e3o \u00e9 feita pelo pr\u00f3prio site do Simples Nacional. Para isso, utiliza-se o certificado digital da empresa, c\u00f3digo de acesso ou procura\u00e7\u00e3o eletr\u00f4nica.<\/p>\n<p>Importante ressaltar que mesmo que a empresa esteja inativa, deve ser entregue a DEFIS da mesma forma.<\/p>\n<h4>E a\u00ed, o que achou do post? Conseguiu tirar suas d\u00favidas sobre o que \u00e9 DEFIS e por que ela \u00e9 importante?\u00a0Deixe seus coment\u00e1rios!<\/h4>\n<p><a href=\"https:\/\/www.conube.com.br\/trocar-contador\/?utm_source=blog&amp;utm_medium=cta&amp;utm_campaign=site-trocar-contador-v1\"><img decoding=\"async\" loading=\"lazy\" class=\"aligncenter wp-image-53393 size-full\" src=\"\/blog\/wp-content\/uploads\/2020\/08\/Site-D\u00favida-Trocar-Contador_v1.png\" alt=\"\" width=\"717\" height=\"332\" srcset=\"https:\/\/conube.com.br\/blog\/wp-content\/uploads\/2020\/08\/Site-D\u00favida-Trocar-Contador_v1.png 717w, https:\/\/conube.com.br\/blog\/wp-content\/uploads\/2020\/08\/Site-D\u00favida-Trocar-Contador_v1-300x139.png 300w, https:\/\/conube.com.br\/blog\/wp-content\/uploads\/2020\/08\/Site-D\u00favida-Trocar-Contador_v1-265x123.png 265w\" sizes=\"(max-width: 717px) 100vw, 717px\" \/><\/a><\/p>\n","protected":false},"excerpt":{"rendered":"<p>Voc\u00ea sabe o que \u00e9 DEFIS? Conhece\u00a0sua import\u00e2ncia para as empresas optantes pelo regime Simples Nacional? Quer saber mais sobre o assunto? Este artigo vai fazer voc\u00ea entender melhor a correla\u00e7\u00e3o entre o Simples e a entrega dessa obriga\u00e7\u00e3o acess\u00f3ria. Conforme citado no post \u201cTudo sobre o Simples Nacional\u201d, o Simples \u00e9 um regime tribut\u00e1rio [&hellip;]<\/p>\n","protected":false},"author":111,"featured_media":49850,"comment_status":"open","ping_status":"open","sticky":false,"template":"","format":"image","meta":{"content-type":""},"categories":[121],"tags":[],"yoast_head":"<!-- This site is optimized with the Yoast SEO plugin v20.1 - https:\/\/yoast.com\/wordpress\/plugins\/seo\/ -->\n<title>O que \u00e9 DEFIS? Entenda tudo sobre essa obriga\u00e7\u00e3o acess\u00f3ria<\/title>\n<meta name=\"description\" content=\"Voc\u00ea sabe o que \u00e9 DEFIS? Qual sua import\u00e2ncia para as empresas optantes pelo regime Simples Nacional? Entenda tudo sobre essa obriga\u00e7\u00e3o acess\u00f3ria.\" \/>\n<meta name=\"robots\" content=\"index, follow, max-snippet:-1, max-image-preview:large, max-video-preview:-1\" \/>\n<link rel=\"canonical\" href=\"https:\/\/conube.com.br\/blog\/o-que-e-defis\/\" \/>\n<meta property=\"og:locale\" content=\"pt_BR\" \/>\n<meta property=\"og:type\" content=\"article\" \/>\n<meta property=\"og:title\" content=\"O que \u00e9 DEFIS? Entenda tudo sobre essa obriga\u00e7\u00e3o acess\u00f3ria\" \/>\n<meta property=\"og:description\" content=\"Voc\u00ea sabe o que \u00e9 DEFIS? Qual sua import\u00e2ncia para as empresas optantes pelo regime Simples Nacional? Entenda tudo sobre essa obriga\u00e7\u00e3o acess\u00f3ria.\" \/>\n<meta property=\"og:url\" content=\"https:\/\/conube.com.br\/blog\/o-que-e-defis\/\" \/>\n<meta property=\"og:site_name\" content=\"Blog da Conube - Contabilidade e empreendedorismo\" \/>\n<meta property=\"article:publisher\" content=\"https:\/\/www.facebook.com\/conube\/\" \/>\n<meta property=\"article:published_time\" content=\"2017-03-17T17:46:29+00:00\" \/>\n<meta property=\"article:modified_time\" content=\"2021-03-22T14:01:31+00:00\" \/>\n<meta property=\"og:image\" content=\"https:\/\/conube.com.br\/blog\/wp-content\/uploads\/2017\/03\/O-que-\u00e9-DEFIS-e-para-que-serve-esta-obriga\u00e7\u00e3o-acess\u00f3ria.jpg\" \/>\n\t<meta property=\"og:image:width\" content=\"750\" \/>\n\t<meta property=\"og:image:height\" content=\"350\" \/>\n\t<meta property=\"og:image:type\" content=\"image\/jpeg\" \/>\n<meta name=\"author\" content=\"Gabriela Moura\" \/>\n<meta name=\"twitter:card\" content=\"summary_large_image\" \/>\n<meta name=\"twitter:creator\" content=\"@conubeweb\" \/>\n<meta name=\"twitter:site\" content=\"@conubeweb\" \/>\n<meta name=\"twitter:label1\" content=\"Escrito por\" \/>\n\t<meta name=\"twitter:data1\" content=\"Gabriela Moura\" \/>\n\t<meta name=\"twitter:label2\" content=\"Est. tempo de leitura\" \/>\n\t<meta name=\"twitter:data2\" content=\"3 minutos\" \/>\n<script type=\"application\/ld+json\" class=\"yoast-schema-graph\">{\"@context\":\"https:\/\/schema.org\",\"@graph\":[{\"@type\":\"Article\",\"@id\":\"https:\/\/conube.com.br\/blog\/o-que-e-defis\/#article\",\"isPartOf\":{\"@id\":\"https:\/\/conube.com.br\/blog\/o-que-e-defis\/\"},\"author\":{\"name\":\"Gabriela Moura\",\"@id\":\"https:\/\/conube.com.br\/blog\/#\/schema\/person\/8ee2c73fa86ef570c99f96d86771685d\"},\"headline\":\"O que \u00e9 DEFIS? Tudo que voc\u00ea precisa saber sobre essa obriga\u00e7\u00e3o acess\u00f3ria\",\"datePublished\":\"2017-03-17T17:46:29+00:00\",\"dateModified\":\"2021-03-22T14:01:31+00:00\",\"mainEntityOfPage\":{\"@id\":\"https:\/\/conube.com.br\/blog\/o-que-e-defis\/\"},\"wordCount\":681,\"commentCount\":7,\"publisher\":{\"@id\":\"https:\/\/conube.com.br\/blog\/#organization\"},\"articleSection\":[\"Impostos e Contribui\u00e7\u00f5es\"],\"inLanguage\":\"pt-BR\",\"potentialAction\":[{\"@type\":\"CommentAction\",\"name\":\"Comment\",\"target\":[\"https:\/\/conube.com.br\/blog\/o-que-e-defis\/#respond\"]}]},{\"@type\":\"WebPage\",\"@id\":\"https:\/\/conube.com.br\/blog\/o-que-e-defis\/\",\"url\":\"https:\/\/conube.com.br\/blog\/o-que-e-defis\/\",\"name\":\"O que \u00e9 DEFIS? Entenda tudo sobre essa obriga\u00e7\u00e3o acess\u00f3ria\",\"isPartOf\":{\"@id\":\"https:\/\/conube.com.br\/blog\/#website\"},\"datePublished\":\"2017-03-17T17:46:29+00:00\",\"dateModified\":\"2021-03-22T14:01:31+00:00\",\"description\":\"Voc\u00ea sabe o que \u00e9 DEFIS? Qual sua import\u00e2ncia para as empresas optantes pelo regime Simples Nacional? Entenda tudo sobre essa obriga\u00e7\u00e3o acess\u00f3ria.\",\"breadcrumb\":{\"@id\":\"https:\/\/conube.com.br\/blog\/o-que-e-defis\/#breadcrumb\"},\"inLanguage\":\"pt-BR\",\"potentialAction\":[{\"@type\":\"ReadAction\",\"target\":[\"https:\/\/conube.com.br\/blog\/o-que-e-defis\/\"]}]},{\"@type\":\"BreadcrumbList\",\"@id\":\"https:\/\/conube.com.br\/blog\/o-que-e-defis\/#breadcrumb\",\"itemListElement\":[{\"@type\":\"ListItem\",\"position\":1,\"name\":\"In\u00edcio\",\"item\":\"https:\/\/conube.com.br\/blog\/\"},{\"@type\":\"ListItem\",\"position\":2,\"name\":\"O que \u00e9 DEFIS? Tudo que voc\u00ea precisa saber sobre essa obriga\u00e7\u00e3o acess\u00f3ria\"}]},{\"@type\":\"WebSite\",\"@id\":\"https:\/\/conube.com.br\/blog\/#website\",\"url\":\"https:\/\/conube.com.br\/blog\/\",\"name\":\"Blog da Conube - Contabilidade e empreendedorismo\",\"description\":\"Fique por dentro de diversas novidades e dicas sobre neg\u00f3cios e contabilidade que ajudam na gest\u00e3o do seu neg\u00f3cio. Saiba mais.\",\"publisher\":{\"@id\":\"https:\/\/conube.com.br\/blog\/#organization\"},\"potentialAction\":[{\"@type\":\"SearchAction\",\"target\":{\"@type\":\"EntryPoint\",\"urlTemplate\":\"https:\/\/conube.com.br\/blog\/?s={search_term_string}\"},\"query-input\":\"required name=search_term_string\"}],\"inLanguage\":\"pt-BR\"},{\"@type\":\"Organization\",\"@id\":\"https:\/\/conube.com.br\/blog\/#organization\",\"name\":\"Blog da Conube - Contabilidade e empreendedorismo\",\"url\":\"https:\/\/conube.com.br\/blog\/\",\"logo\":{\"@type\":\"ImageObject\",\"inLanguage\":\"pt-BR\",\"@id\":\"https:\/\/conube.com.br\/blog\/#\/schema\/logo\/image\/\",\"url\":\"https:\/\/conube.com.br\/blog\/wp-content\/uploads\/2025\/10\/logo-conube.png\",\"contentUrl\":\"https:\/\/conube.com.br\/blog\/wp-content\/uploads\/2025\/10\/logo-conube.png\",\"width\":222,\"height\":61,\"caption\":\"Blog da Conube - Contabilidade e empreendedorismo\"},\"image\":{\"@id\":\"https:\/\/conube.com.br\/blog\/#\/schema\/logo\/image\/\"},\"sameAs\":[\"https:\/\/www.facebook.com\/conube\/\",\"https:\/\/twitter.com\/conubeweb\",\"https:\/\/www.instagram.com\/conubeweb\/\",\"https:\/\/www.linkedin.com\/company\/conube\",\"https:\/\/www.youtube.com\/user\/ContabilidadeOnline\"]},{\"@type\":\"Person\",\"@id\":\"https:\/\/conube.com.br\/blog\/#\/schema\/person\/8ee2c73fa86ef570c99f96d86771685d\",\"name\":\"Gabriela Moura\",\"image\":{\"@type\":\"ImageObject\",\"inLanguage\":\"pt-BR\",\"@id\":\"https:\/\/conube.com.br\/blog\/#\/schema\/person\/image\/\",\"url\":\"https:\/\/secure.gravatar.com\/avatar\/ea5712aeae134709113edcda90bd53bd?s=96&d=mm&r=g\",\"contentUrl\":\"https:\/\/secure.gravatar.com\/avatar\/ea5712aeae134709113edcda90bd53bd?s=96&d=mm&r=g\",\"caption\":\"Gabriela Moura\"},\"description\":\"Integrante da equipe do setor Cont\u00e1bil da Conube, Gabriela \u00e9 t\u00e9cnica em contabilidade pela ETEC e estudante de Ci\u00eancias Cont\u00e1beis na FMU (Faculdades Metropolitanas Unidas)\",\"sameAs\":[\"https:\/\/conube.com.br\/blog\/\"],\"url\":\"https:\/\/conube.com.br\/blog\/author\/gabriela-moura\/\"}]}<\/script>\n<!-- \/ Yoast SEO plugin. -->","yoast_head_json":{"title":"O que \u00e9 DEFIS? Entenda tudo sobre essa obriga\u00e7\u00e3o acess\u00f3ria","description":"Voc\u00ea sabe o que \u00e9 DEFIS? Qual sua import\u00e2ncia para as empresas optantes pelo regime Simples Nacional? Entenda tudo sobre essa obriga\u00e7\u00e3o acess\u00f3ria.","robots":{"index":"index","follow":"follow","max-snippet":"max-snippet:-1","max-image-preview":"max-image-preview:large","max-video-preview":"max-video-preview:-1"},"canonical":"https:\/\/conube.com.br\/blog\/o-que-e-defis\/","og_locale":"pt_BR","og_type":"article","og_title":"O que \u00e9 DEFIS? Entenda tudo sobre essa obriga\u00e7\u00e3o acess\u00f3ria","og_description":"Voc\u00ea sabe o que \u00e9 DEFIS? Qual sua import\u00e2ncia para as empresas optantes pelo regime Simples Nacional? Entenda tudo sobre essa obriga\u00e7\u00e3o acess\u00f3ria.","og_url":"https:\/\/conube.com.br\/blog\/o-que-e-defis\/","og_site_name":"Blog da Conube - Contabilidade e empreendedorismo","article_publisher":"https:\/\/www.facebook.com\/conube\/","article_published_time":"2017-03-17T17:46:29+00:00","article_modified_time":"2021-03-22T14:01:31+00:00","og_image":[{"width":750,"height":350,"url":"https:\/\/conube.com.br\/blog\/wp-content\/uploads\/2017\/03\/O-que-\u00e9-DEFIS-e-para-que-serve-esta-obriga\u00e7\u00e3o-acess\u00f3ria.jpg","type":"image\/jpeg"}],"author":"Gabriela Moura","twitter_card":"summary_large_image","twitter_creator":"@conubeweb","twitter_site":"@conubeweb","twitter_misc":{"Escrito por":"Gabriela Moura","Est. tempo de leitura":"3 minutos"},"schema":{"@context":"https:\/\/schema.org","@graph":[{"@type":"Article","@id":"https:\/\/conube.com.br\/blog\/o-que-e-defis\/#article","isPartOf":{"@id":"https:\/\/conube.com.br\/blog\/o-que-e-defis\/"},"author":{"name":"Gabriela Moura","@id":"https:\/\/conube.com.br\/blog\/#\/schema\/person\/8ee2c73fa86ef570c99f96d86771685d"},"headline":"O que \u00e9 DEFIS? Tudo que voc\u00ea precisa saber sobre essa obriga\u00e7\u00e3o acess\u00f3ria","datePublished":"2017-03-17T17:46:29+00:00","dateModified":"2021-03-22T14:01:31+00:00","mainEntityOfPage":{"@id":"https:\/\/conube.com.br\/blog\/o-que-e-defis\/"},"wordCount":681,"commentCount":7,"publisher":{"@id":"https:\/\/conube.com.br\/blog\/#organization"},"articleSection":["Impostos e Contribui\u00e7\u00f5es"],"inLanguage":"pt-BR","potentialAction":[{"@type":"CommentAction","name":"Comment","target":["https:\/\/conube.com.br\/blog\/o-que-e-defis\/#respond"]}]},{"@type":"WebPage","@id":"https:\/\/conube.com.br\/blog\/o-que-e-defis\/","url":"https:\/\/conube.com.br\/blog\/o-que-e-defis\/","name":"O que \u00e9 DEFIS? Entenda tudo sobre essa obriga\u00e7\u00e3o acess\u00f3ria","isPartOf":{"@id":"https:\/\/conube.com.br\/blog\/#website"},"datePublished":"2017-03-17T17:46:29+00:00","dateModified":"2021-03-22T14:01:31+00:00","description":"Voc\u00ea sabe o que \u00e9 DEFIS? Qual sua import\u00e2ncia para as empresas optantes pelo regime Simples Nacional? Entenda tudo sobre essa obriga\u00e7\u00e3o acess\u00f3ria.","breadcrumb":{"@id":"https:\/\/conube.com.br\/blog\/o-que-e-defis\/#breadcrumb"},"inLanguage":"pt-BR","potentialAction":[{"@type":"ReadAction","target":["https:\/\/conube.com.br\/blog\/o-que-e-defis\/"]}]},{"@type":"BreadcrumbList","@id":"https:\/\/conube.com.br\/blog\/o-que-e-defis\/#breadcrumb","itemListElement":[{"@type":"ListItem","position":1,"name":"In\u00edcio","item":"https:\/\/conube.com.br\/blog\/"},{"@type":"ListItem","position":2,"name":"O que \u00e9 DEFIS? Tudo que voc\u00ea precisa saber sobre essa obriga\u00e7\u00e3o acess\u00f3ria"}]},{"@type":"WebSite","@id":"https:\/\/conube.com.br\/blog\/#website","url":"https:\/\/conube.com.br\/blog\/","name":"Blog da Conube - Contabilidade e empreendedorismo","description":"Fique por dentro de diversas novidades e dicas sobre neg\u00f3cios e contabilidade que ajudam na gest\u00e3o do seu neg\u00f3cio. Saiba mais.","publisher":{"@id":"https:\/\/conube.com.br\/blog\/#organization"},"potentialAction":[{"@type":"SearchAction","target":{"@type":"EntryPoint","urlTemplate":"https:\/\/conube.com.br\/blog\/?s={search_term_string}"},"query-input":"required name=search_term_string"}],"inLanguage":"pt-BR"},{"@type":"Organization","@id":"https:\/\/conube.com.br\/blog\/#organization","name":"Blog da Conube - Contabilidade e empreendedorismo","url":"https:\/\/conube.com.br\/blog\/","logo":{"@type":"ImageObject","inLanguage":"pt-BR","@id":"https:\/\/conube.com.br\/blog\/#\/schema\/logo\/image\/","url":"https:\/\/conube.com.br\/blog\/wp-content\/uploads\/2025\/10\/logo-conube.png","contentUrl":"https:\/\/conube.com.br\/blog\/wp-content\/uploads\/2025\/10\/logo-conube.png","width":222,"height":61,"caption":"Blog da Conube - Contabilidade e empreendedorismo"},"image":{"@id":"https:\/\/conube.com.br\/blog\/#\/schema\/logo\/image\/"},"sameAs":["https:\/\/www.facebook.com\/conube\/","https:\/\/twitter.com\/conubeweb","https:\/\/www.instagram.com\/conubeweb\/","https:\/\/www.linkedin.com\/company\/conube","https:\/\/www.youtube.com\/user\/ContabilidadeOnline"]},{"@type":"Person","@id":"https:\/\/conube.com.br\/blog\/#\/schema\/person\/8ee2c73fa86ef570c99f96d86771685d","name":"Gabriela Moura","image":{"@type":"ImageObject","inLanguage":"pt-BR","@id":"https:\/\/conube.com.br\/blog\/#\/schema\/person\/image\/","url":"https:\/\/secure.gravatar.com\/avatar\/ea5712aeae134709113edcda90bd53bd?s=96&d=mm&r=g","contentUrl":"https:\/\/secure.gravatar.com\/avatar\/ea5712aeae134709113edcda90bd53bd?s=96&d=mm&r=g","caption":"Gabriela Moura"},"description":"Integrante da equipe do setor Cont\u00e1bil da Conube, Gabriela \u00e9 t\u00e9cnica em contabilidade pela ETEC e estudante de Ci\u00eancias Cont\u00e1beis na FMU (Faculdades Metropolitanas Unidas)","sameAs":["https:\/\/conube.com.br\/blog\/"],"url":"https:\/\/conube.com.br\/blog\/author\/gabriela-moura\/"}]}},"_links":{"self":[{"href":"https:\/\/conube.com.br\/blog\/wp-json\/wp\/v2\/posts\/49841"}],"collection":[{"href":"https:\/\/conube.com.br\/blog\/wp-json\/wp\/v2\/posts"}],"about":[{"href":"https:\/\/conube.com.br\/blog\/wp-json\/wp\/v2\/types\/post"}],"author":[{"embeddable":true,"href":"https:\/\/conube.com.br\/blog\/wp-json\/wp\/v2\/users\/111"}],"replies":[{"embeddable":true,"href":"https:\/\/conube.com.br\/blog\/wp-json\/wp\/v2\/comments?post=49841"}],"version-history":[{"count":0,"href":"https:\/\/conube.com.br\/blog\/wp-json\/wp\/v2\/posts\/49841\/revisions"}],"wp:featuredmedia":[{"embeddable":true,"href":"https:\/\/conube.com.br\/blog\/wp-json\/wp\/v2\/media\/49850"}],"wp:attachment":[{"href":"https:\/\/conube.com.br\/blog\/wp-json\/wp\/v2\/media?parent=49841"}],"wp:term":[{"taxonomy":"category","embeddable":true,"href":"https:\/\/conube.com.br\/blog\/wp-json\/wp\/v2\/categories?post=49841"},{"taxonomy":"post_tag","embeddable":true,"href":"https:\/\/conube.com.br\/blog\/wp-json\/wp\/v2\/tags?post=49841"}],"curies":[{"name":"wp","href":"https:\/\/api.w.org\/{rel}","templated":true}]}}