{"id":50477,"date":"2017-05-24T21:43:06","date_gmt":"2017-05-24T21:43:06","guid":{"rendered":"https:\/\/dev.conube.com.br\/?p=50477"},"modified":"2025-06-06T15:03:30","modified_gmt":"2025-06-06T18:03:30","slug":"psicologia-das-cores","status":"publish","type":"post","link":"https:\/\/conube.com.br\/blog\/psicologia-das-cores\/","title":{"rendered":"Psicologia das Cores: como elas podem afetar no marketing e nas vendas"},"content":{"rendered":"<p>Cores s\u00e3o poderosas. A vis\u00e3o \u00e9 o sentido mais desenvolvido no ser humano. Partindo desse princ\u00edpio, \u00e9 natural que a maior parte do poder de decis\u00e3o ao adquirir um produto \u00e9 baseado no impacto visual que ele causa. E \u00e9 a\u00ed que entra a atua\u00e7\u00e3o da psicologia das cores.<\/p>\n<p>Em algum momento voc\u00ea j\u00e1 se perguntou por que as cores significam tanto no processo de identidade visual de todas as marcas? Conseguimos facilmente associar o vermelho com a Coca-Cola e o azul com o Facebook. Grandes empresas desenvolveram uma confian\u00e7a t\u00e3o poderosa em suas <a href=\"\/blog\/razao-social-e-nome-fantasia\/\">identidades de marca<\/a> usando logos sempre com cores espec\u00edficas. Essas cores ret\u00e9m os clientes. Elas estimulam os sentidos e entregam significado na metade do tempo que uma mensagem em texto.<\/p>\n<p><a href=\"https:\/\/www.conube.com.br\/trocar-contador\/?utm_source=blog&amp;utm_medium=cta&amp;utm_campaign=site-trocar-contador-v4\"><img decoding=\"async\" loading=\"lazy\" class=\"aligncenter wp-image-53397 size-full\" src=\"\/blog\/wp-content\/uploads\/2020\/08\/Site-Trocar-Contador-v4.png\" alt=\"\" width=\"688\" height=\"312\" srcset=\"https:\/\/conube.com.br\/blog\/wp-content\/uploads\/2020\/08\/Site-Trocar-Contador-v4.png 688w, https:\/\/conube.com.br\/blog\/wp-content\/uploads\/2020\/08\/Site-Trocar-Contador-v4-300x136.png 300w, https:\/\/conube.com.br\/blog\/wp-content\/uploads\/2020\/08\/Site-Trocar-Contador-v4-265x120.png 265w\" sizes=\"(max-width: 688px) 100vw, 688px\" \/><\/a><\/p>\n<p>A psicologia das <a href=\"http:\/\/blog.welancer.com\/cores-2\/\" target=\"_blank\" rel=\"noopener noreferrer\">cores<\/a> \u00e9 um estudo que mostra como as cores afetam nossas emo\u00e7\u00f5es e nosso poder de decis\u00e3o. Confira alguns de seus principais pontos e aprenda como aplicar esses conhecimentos na constru\u00e7\u00e3o de sua marca.<\/p>\n<h2><strong>O fator emocional<\/strong><\/h2>\n<p>O escritor Faber Birren afirma em seu livro \u201cColor Psychology and Color Therapy\u201d que as cores influenciam diretamente nas decis\u00f5es que tomamos durante o dia. Segundo Birren, cada cor tem a\u00e7\u00e3o individual em a\u00e7\u00f5es humanas e nosso c\u00e9rebro associa cada uma a diferentes emo\u00e7\u00f5es. Essa cita\u00e7\u00e3o refor\u00e7a a tese da import\u00e2ncia da psicologia das cores no comportamento das pessoas.<\/p>\n<h4><strong>Azul<\/strong><\/h4>\n<p>O azul \u00e9 presente em cerca de 35% das empresas mais valiosas do mundo, segundo a revista Forbes. A cor azul transmite calma, responsabilidade e seguran\u00e7a. A cor se destaca em contraste com cores quentes e \u00e9 amplamente utilizada por empresas mais formais. Alguns exemplos s\u00e3o os ramos de advocacia, sa\u00fade ou contabilidade. Como\u00a0curiosidade, o Facebook adquiriu seu tom azul n\u00e3o por querer transmitir algum tipo de confian\u00e7a. O motivo \u00e9 que seu criador, Mark Zuckerberg, \u00e9 dalt\u00f4nico e a cor que mais se destaca para ele \u00e9 o azul.<\/p>\n<h4><strong>Vermelho<\/strong><\/h4>\n<p>Logo ap\u00f3s o azul, o vermelho \u00e9 respons\u00e1vel por despertar no c\u00e9rebro a sensa\u00e7\u00e3o de urg\u00eancia, e agu\u00e7ar sentidos b\u00e1sicos como a fome. Utilizado por muitas redes de fast-food, o vermelho atrai o olhar no meio de outras cores e \u00e9 associado ao movimento. Por isso, \u00e9 comum encontrar empresas automotivas, como a Nissan e a Pirelli, utilizando o vermelho em sua identidade visual.<\/p>\n<h4><strong>Preto, cinza e branco<\/strong><\/h4>\n<p>Dentro do contexto da psicologia das cores, s\u00e3o consideradas minimalistas e luxuosas. Empresas que transbordam luxo na sua constru\u00e7\u00e3o de marca apostam na simplicidade dessas cores para enaltecer sua identidade. \u00c9 associado ao mundo da moda (veja a Zara, a Prada e a Chanel). Tamb\u00e9m est\u00e1 comumente presente em itens voltado \u00e0 classe A, como a Apple e a Mercedes.<\/p>\n<h4><strong>Verde<\/strong><\/h4>\n<p>O frescor do verde \u00e9 associado a sa\u00fade e natureza. O verde \u00e9 utilizado por empresas que querem fazer com que seus clientes se sintam em uma grande comunidade ao utilizarem seus servi\u00e7os e produtos. O Starbucks deixou de lado sua antiga logo marrom para adotar o verde, expressando um sentido de acolhimento, responsabilidade com o meio-ambiente e conforto.<\/p>\n<h4><strong>Multicolorido<\/strong><\/h4>\n<p>As gigantes Google, Ebay e Microsoft apostaram alto ao aderirem a identidade visual multicolorida. O que poderia ser um risco, acabou despertando nos consumidores o sentimento de que essas empresas que utilizam diversas cores em suas logos est\u00e3o presentes em todos os lugares e que se encontram acess\u00edveis para resolver todos os tipos de problemas. Precisa tirar uma d\u00favida sobre virtualmente qualquer coisa? Use o colorido Google. Precisa comprar um item e n\u00e3o sabe onde procurar? Tente o Ebay. Empresas multicoloridas costumam ser pioneiras e a primeira op\u00e7\u00e3o de seus consumidores.<\/p>\n<h2><strong>O fator cultural<\/strong><\/h2>\n<p>Cada cultura tem uma maneira diferente de entender e interpretar cada uma das cores do espectro. Cores tem grande influ\u00eancia em cren\u00e7as religiosas, pol\u00edticas ou pr\u00e1ticas culturais. Entender diferen\u00e7as b\u00e1sicas em como cada pessoa pode interpretar cores se baseando no meio que se encontra \u00e9 essencial para n\u00e3o errar na identidade visual de sua empresa. Ao mesmo tempo que a cor preta pode ser associada com luxo, tamb\u00e9m pode ser associada \u00e0 negatividade, dependendo de quem esteja avaliando.<\/p>\n<h2><strong>Como a psicologia das cores afeta suas vendas?<\/strong><\/h2>\n<p><img decoding=\"async\" loading=\"lazy\" class=\"aligncenter size-full wp-image-50480\" src=\"\/blog\/content\/uploads\/2017\/05\/Entenda-como-a-psicologia-das-cores-podem-impactar-nas-suas-vendas.jpg\" alt=\"Entenda como a psicologia das cores podem impactar nas suas vendas\" width=\"700\" height=\"399\" srcset=\"https:\/\/conube.com.br\/blog\/wp-content\/uploads\/2017\/05\/Entenda-como-a-psicologia-das-cores-podem-impactar-nas-suas-vendas.jpg 700w, https:\/\/conube.com.br\/blog\/wp-content\/uploads\/2017\/05\/Entenda-como-a-psicologia-das-cores-podem-impactar-nas-suas-vendas-300x171.jpg 300w, https:\/\/conube.com.br\/blog\/wp-content\/uploads\/2017\/05\/Entenda-como-a-psicologia-das-cores-podem-impactar-nas-suas-vendas-265x151.jpg 265w, https:\/\/conube.com.br\/blog\/wp-content\/uploads\/2017\/05\/Entenda-como-a-psicologia-das-cores-podem-impactar-nas-suas-vendas-680x388.jpg 680w, https:\/\/conube.com.br\/blog\/wp-content\/uploads\/2017\/05\/Entenda-como-a-psicologia-das-cores-podem-impactar-nas-suas-vendas-500x285.jpg 500w, https:\/\/conube.com.br\/blog\/wp-content\/uploads\/2017\/05\/Entenda-como-a-psicologia-das-cores-podem-impactar-nas-suas-vendas-400x228.jpg 400w, https:\/\/conube.com.br\/blog\/wp-content\/uploads\/2017\/05\/Entenda-como-a-psicologia-das-cores-podem-impactar-nas-suas-vendas-200x114.jpg 200w, https:\/\/conube.com.br\/blog\/wp-content\/uploads\/2017\/05\/Entenda-como-a-psicologia-das-cores-podem-impactar-nas-suas-vendas-50x29.jpg 50w\" sizes=\"(max-width: 700px) 100vw, 700px\" \/><\/p>\n<p>Aprender a aplicar as cores certas nos momentos certos pode ser um grande coringa no aumento de suas vendas. Isso vale n\u00e3o apenas em sua logo. Todas as estrat\u00e9gias de vendas de seu neg\u00f3cio devem estar alinhados com o posicionamento alcan\u00e7ado pela sua identidade visual.<\/p>\n<p>No caso de criar um website e desenvolver sua marca, \u00e9 preciso avaliar se o design dele e sua estrat\u00e9gia de marketing est\u00e3o alinhados com seu p\u00fablico-alvo. O site incentiva seus clientes a engajar, clicar em links e explorar suas ofertas? Os bot\u00f5es est\u00e3o bem localizados e vis\u00edveis para que todos os consumidores tenham f\u00e1cil acesso ao que desejam encontrar?<\/p>\n<p>Leva cerca de <a href=\"http:\/\/www.emeraldinsight.com\/doi\/abs\/10.1108\/00251740610673332\" target=\"_blank\" rel=\"noopener noreferrer\">90 segundos<\/a> segundos para que um consumidor tome uma decis\u00e3o baseada em como voc\u00ea promove seus produtos ou servi\u00e7os. Durante esse curto tempo \u00e9 que sua empresa deve utilizar o poder das cores para engajar seu poss\u00edvel cliente.<\/p>\n<p>Se sua marca se destaca com uma estrat\u00e9gia visual correta, \u00e9 certeza que qualquer a\u00e7\u00e3o de marketing ou campanha ser\u00e1 instantaneamente reconhecida pelo seu p\u00fablico-alvo. Com essas informa\u00e7\u00f5es em m\u00e3os, pense bem na qual cor utilizar ao adicionar um bot\u00e3o em seu site ou em seus <a href=\"http:\/\/blog.welancer.com\/papelaria\/\">cart\u00f5es de visita<\/a>.<\/p>\n<h2><strong>Utilizando cores no marketing de sua empresa<\/strong><\/h2>\n<p>O objetivo de qualquer estrat\u00e9gia de marketing \u00e9 fazer seu neg\u00f3cio ser notado.<\/p>\n<p>Ent\u00e3o vale muito criar toda a sua identidade com a combina\u00e7\u00e3o de cores correta de cores. Isso pode significar toda a diferen\u00e7a entre se destacar ou ser ignorado. Entender como elas afetam as emo\u00e7\u00f5es humanas e as respostas do c\u00e9rebro de seus consumidores vai ajudar a alcan\u00e7ar todos os objetivos de sua marca e fidelizar seus clientes. O infogr\u00e1fico \u201cHow Collor Affect Conversion Rate\u201d tem alguns dados interessantes:<\/p>\n<ul>\n<li>An\u00fancios coloridos tendem a ser 26% mais reconhecidos que os preto e branco.<\/li>\n<li>80% dos consumidores reconhecem mais facilmente uma marca utilizando suas cores.<\/li>\n<li>Mulheres, geralmente, se identificam mais com o azul, roxo e verde.<\/li>\n<li>Cores agregam valores aos produtos. O vinho \u00e9 associado ao requinte, j\u00e1 o laranja indica promo\u00e7\u00e3o dos pre\u00e7os.<\/li>\n<li>O cinza, apesar de tamb\u00e9m estar avaliado como uma cor que exala luxo, desperta um sentimento de solid\u00e3o.<\/li>\n<\/ul>\n<p>A escolha das cores corretas para representarem sua empresa \u00e9 um processo que exige tempo e dedica\u00e7\u00e3o. Agora que voc\u00ea j\u00e1 conhece a import\u00e2ncia delas para seus consumidores, o primeiro passo \u00e9 come\u00e7ar a testar diferentes tonalidades e analisar como seus clientes reagem a cada uma delas, para a\u00ed sim decidir qual a cor ser\u00e1 \u201ca cara\u201d de seu neg\u00f3cio. <a href=\"http:\/\/freelancer.welancer.com\/e-book-guia-definitivo-para-ser-mais-criativo\" target=\"_blank\" rel=\"noopener noreferrer\">Criatividade <\/a>\u00e9 a chave!<\/p>\n<h4>E a\u00ed? Entendeu como funciona a psicologia das cores e como ela pode impactar no sucesso de sua empresa? Deixe seus coment\u00e1rios, conte suas experi\u00eancias!<\/h4>\n<p><a href=\"https:\/\/www.conube.com.br\/trocar-contador\/?utm_source=blog&amp;utm_medium=cta&amp;utm_campaign=duvida-trocar-contador_v1\"><img decoding=\"async\" loading=\"lazy\" class=\"aligncenter wp-image-53393 size-full\" src=\"\/blog\/wp-content\/uploads\/2020\/08\/Site-D\u00favida-Trocar-Contador_v1.png\" alt=\"\" width=\"717\" height=\"332\" srcset=\"https:\/\/conube.com.br\/blog\/wp-content\/uploads\/2020\/08\/Site-D\u00favida-Trocar-Contador_v1.png 717w, https:\/\/conube.com.br\/blog\/wp-content\/uploads\/2020\/08\/Site-D\u00favida-Trocar-Contador_v1-300x139.png 300w, https:\/\/conube.com.br\/blog\/wp-content\/uploads\/2020\/08\/Site-D\u00favida-Trocar-Contador_v1-265x123.png 265w\" sizes=\"(max-width: 717px) 100vw, 717px\" \/><\/a><\/p>\n<p><strong><em>* Este post foi escrito pela Jo\u00e3o Cardoso, da\u00a0<\/em><a href=\"http:\/\/cc.welancer.com\/\" target=\"_blank\" rel=\"noopener noreferrer\"><em>WeLancer<\/em><\/a><em>, maior comunidade de profissionais criativos do pa\u00eds, que surgiu com a miss\u00e3o de conectar profissionais interessados em apresentar seus trabalhos a clientes de todo o Brasil que buscam pessoas capacitadas a criar logos, website, papelaria, cart\u00e3o de visita, tudo relativo a identidade visual. A WeLancer conta com 100 mil designers cadastrados, mais de 40 mil clientes atendidos e mais de 12 milh\u00f5es pagos aos profissionais cadastrados.<\/em><\/strong><\/p>\n","protected":false},"excerpt":{"rendered":"<p>Cores s\u00e3o poderosas. A vis\u00e3o \u00e9 o sentido mais desenvolvido no ser humano. Partindo desse princ\u00edpio, \u00e9 natural que a maior parte do poder de decis\u00e3o ao adquirir um produto \u00e9 baseado no impacto visual que ele causa. E \u00e9 a\u00ed que entra a atua\u00e7\u00e3o da psicologia das cores. Em algum momento voc\u00ea j\u00e1 se [&hellip;]<\/p>\n","protected":false},"author":31,"featured_media":50479,"comment_status":"open","ping_status":"open","sticky":false,"template":"","format":"image","meta":{"content-type":""},"categories":[51],"tags":[],"yoast_head":"<!-- This site is optimized with the Yoast SEO plugin v20.1 - https:\/\/yoast.com\/wordpress\/plugins\/seo\/ -->\n<title>Psicologia das Cores: como elas podem afetar no marketing e nas vendas<\/title>\n<meta name=\"description\" content=\"A psicologia das cores \u00e9 um estudo que mostra como as cores afetam nossas emo\u00e7\u00f5es e nosso poder de decis\u00e3o. Confira alguns de seus principais pontos.\" \/>\n<meta name=\"robots\" content=\"index, follow, max-snippet:-1, max-image-preview:large, max-video-preview:-1\" \/>\n<link rel=\"canonical\" href=\"https:\/\/conube.com.br\/blog\/psicologia-das-cores\/\" \/>\n<meta property=\"og:locale\" content=\"pt_BR\" \/>\n<meta property=\"og:type\" content=\"article\" \/>\n<meta property=\"og:title\" content=\"Psicologia das Cores: como elas podem afetar no marketing e nas vendas\" \/>\n<meta property=\"og:description\" content=\"A psicologia das cores \u00e9 um estudo que mostra como as cores afetam nossas emo\u00e7\u00f5es e nosso poder de decis\u00e3o. Confira alguns de seus principais pontos.\" \/>\n<meta property=\"og:url\" content=\"https:\/\/conube.com.br\/blog\/psicologia-das-cores\/\" \/>\n<meta property=\"og:site_name\" content=\"Blog da Conube - Contabilidade e empreendedorismo\" \/>\n<meta property=\"article:publisher\" content=\"https:\/\/www.facebook.com\/conube\/\" \/>\n<meta property=\"article:published_time\" content=\"2017-05-24T21:43:06+00:00\" \/>\n<meta property=\"article:modified_time\" content=\"2025-06-06T18:03:30+00:00\" \/>\n<meta property=\"og:image\" content=\"https:\/\/conube.com.br\/blog\/wp-content\/uploads\/2017\/05\/Psicologia-das-Cores.jpg\" \/>\n\t<meta property=\"og:image:width\" content=\"1500\" \/>\n\t<meta property=\"og:image:height\" content=\"700\" \/>\n\t<meta property=\"og:image:type\" content=\"image\/jpeg\" \/>\n<meta name=\"author\" content=\"Jos\u00e9 Carlos R. J\u00fanior\" \/>\n<meta name=\"twitter:card\" content=\"summary_large_image\" \/>\n<meta name=\"twitter:creator\" content=\"@conubeweb\" \/>\n<meta name=\"twitter:site\" content=\"@conubeweb\" \/>\n<meta name=\"twitter:label1\" content=\"Escrito por\" \/>\n\t<meta name=\"twitter:data1\" content=\"Jos\u00e9 Carlos R. J\u00fanior\" \/>\n\t<meta name=\"twitter:label2\" content=\"Est. tempo de leitura\" \/>\n\t<meta name=\"twitter:data2\" content=\"8 minutos\" \/>\n<script type=\"application\/ld+json\" class=\"yoast-schema-graph\">{\"@context\":\"https:\/\/schema.org\",\"@graph\":[{\"@type\":\"Article\",\"@id\":\"https:\/\/conube.com.br\/blog\/psicologia-das-cores\/#article\",\"isPartOf\":{\"@id\":\"https:\/\/conube.com.br\/blog\/psicologia-das-cores\/\"},\"author\":{\"name\":\"Jos\u00e9 Carlos R. J\u00fanior\",\"@id\":\"https:\/\/conube.com.br\/blog\/#\/schema\/person\/dd1b10955caba11673a399d19e798ed3\"},\"headline\":\"Psicologia das Cores: como elas podem afetar no marketing e nas vendas\",\"datePublished\":\"2017-05-24T21:43:06+00:00\",\"dateModified\":\"2025-06-06T18:03:30+00:00\",\"mainEntityOfPage\":{\"@id\":\"https:\/\/conube.com.br\/blog\/psicologia-das-cores\/\"},\"wordCount\":1278,\"commentCount\":1,\"publisher\":{\"@id\":\"https:\/\/conube.com.br\/blog\/#organization\"},\"articleSection\":[\"Marketing\"],\"inLanguage\":\"pt-BR\",\"potentialAction\":[{\"@type\":\"CommentAction\",\"name\":\"Comment\",\"target\":[\"https:\/\/conube.com.br\/blog\/psicologia-das-cores\/#respond\"]}]},{\"@type\":\"WebPage\",\"@id\":\"https:\/\/conube.com.br\/blog\/psicologia-das-cores\/\",\"url\":\"https:\/\/conube.com.br\/blog\/psicologia-das-cores\/\",\"name\":\"Psicologia das Cores: como elas podem afetar no marketing e nas vendas\",\"isPartOf\":{\"@id\":\"https:\/\/conube.com.br\/blog\/#website\"},\"datePublished\":\"2017-05-24T21:43:06+00:00\",\"dateModified\":\"2025-06-06T18:03:30+00:00\",\"description\":\"A psicologia das cores \u00e9 um estudo que mostra como as cores afetam nossas emo\u00e7\u00f5es e nosso poder de decis\u00e3o. Confira alguns de seus principais pontos.\",\"breadcrumb\":{\"@id\":\"https:\/\/conube.com.br\/blog\/psicologia-das-cores\/#breadcrumb\"},\"inLanguage\":\"pt-BR\",\"potentialAction\":[{\"@type\":\"ReadAction\",\"target\":[\"https:\/\/conube.com.br\/blog\/psicologia-das-cores\/\"]}]},{\"@type\":\"BreadcrumbList\",\"@id\":\"https:\/\/conube.com.br\/blog\/psicologia-das-cores\/#breadcrumb\",\"itemListElement\":[{\"@type\":\"ListItem\",\"position\":1,\"name\":\"In\u00edcio\",\"item\":\"https:\/\/conube.com.br\/blog\/\"},{\"@type\":\"ListItem\",\"position\":2,\"name\":\"Psicologia das Cores: como elas podem afetar no marketing e nas vendas\"}]},{\"@type\":\"WebSite\",\"@id\":\"https:\/\/conube.com.br\/blog\/#website\",\"url\":\"https:\/\/conube.com.br\/blog\/\",\"name\":\"Blog da Conube - Contabilidade e empreendedorismo\",\"description\":\"Fique por dentro de diversas novidades e dicas sobre neg\u00f3cios e contabilidade que ajudam na gest\u00e3o do seu neg\u00f3cio. Saiba mais.\",\"publisher\":{\"@id\":\"https:\/\/conube.com.br\/blog\/#organization\"},\"potentialAction\":[{\"@type\":\"SearchAction\",\"target\":{\"@type\":\"EntryPoint\",\"urlTemplate\":\"https:\/\/conube.com.br\/blog\/?s={search_term_string}\"},\"query-input\":\"required name=search_term_string\"}],\"inLanguage\":\"pt-BR\"},{\"@type\":\"Organization\",\"@id\":\"https:\/\/conube.com.br\/blog\/#organization\",\"name\":\"Blog da Conube - Contabilidade e empreendedorismo\",\"url\":\"https:\/\/conube.com.br\/blog\/\",\"logo\":{\"@type\":\"ImageObject\",\"inLanguage\":\"pt-BR\",\"@id\":\"https:\/\/conube.com.br\/blog\/#\/schema\/logo\/image\/\",\"url\":\"https:\/\/conube.com.br\/blog\/wp-content\/uploads\/2025\/10\/logo-conube.png\",\"contentUrl\":\"https:\/\/conube.com.br\/blog\/wp-content\/uploads\/2025\/10\/logo-conube.png\",\"width\":222,\"height\":61,\"caption\":\"Blog da Conube - Contabilidade e empreendedorismo\"},\"image\":{\"@id\":\"https:\/\/conube.com.br\/blog\/#\/schema\/logo\/image\/\"},\"sameAs\":[\"https:\/\/www.facebook.com\/conube\/\",\"https:\/\/twitter.com\/conubeweb\",\"https:\/\/www.instagram.com\/conubeweb\/\",\"https:\/\/www.linkedin.com\/company\/conube\",\"https:\/\/www.youtube.com\/user\/ContabilidadeOnline\"]},{\"@type\":\"Person\",\"@id\":\"https:\/\/conube.com.br\/blog\/#\/schema\/person\/dd1b10955caba11673a399d19e798ed3\",\"name\":\"Jos\u00e9 Carlos R. J\u00fanior\",\"image\":{\"@type\":\"ImageObject\",\"inLanguage\":\"pt-BR\",\"@id\":\"https:\/\/conube.com.br\/blog\/#\/schema\/person\/image\/\",\"url\":\"https:\/\/secure.gravatar.com\/avatar\/9fbc5dfcaf8b34c9a5488acb9eda2110?s=96&d=mm&r=g\",\"contentUrl\":\"https:\/\/secure.gravatar.com\/avatar\/9fbc5dfcaf8b34c9a5488acb9eda2110?s=96&d=mm&r=g\",\"caption\":\"Jos\u00e9 Carlos R. J\u00fanior\"},\"description\":\"Jos\u00e9 Carlos R. J\u00fanior \u00e9 jornalista, redator e revisor de textos. Trazendo uma experi\u00eancia de mais de 10 anos gerenciando editorias em diversas m\u00eddias online e impressas, \u00e9 hoje o respons\u00e1vel pela gest\u00e3o de conte\u00fados e de comunica\u00e7\u00e3o da Conube.\",\"url\":\"https:\/\/conube.com.br\/blog\/author\/lobao\/\"}]}<\/script>\n<!-- \/ Yoast SEO plugin. -->","yoast_head_json":{"title":"Psicologia das Cores: como elas podem afetar no marketing e nas vendas","description":"A psicologia das cores \u00e9 um estudo que mostra como as cores afetam nossas emo\u00e7\u00f5es e nosso poder de decis\u00e3o. Confira alguns de seus principais pontos.","robots":{"index":"index","follow":"follow","max-snippet":"max-snippet:-1","max-image-preview":"max-image-preview:large","max-video-preview":"max-video-preview:-1"},"canonical":"https:\/\/conube.com.br\/blog\/psicologia-das-cores\/","og_locale":"pt_BR","og_type":"article","og_title":"Psicologia das Cores: como elas podem afetar no marketing e nas vendas","og_description":"A psicologia das cores \u00e9 um estudo que mostra como as cores afetam nossas emo\u00e7\u00f5es e nosso poder de decis\u00e3o. Confira alguns de seus principais pontos.","og_url":"https:\/\/conube.com.br\/blog\/psicologia-das-cores\/","og_site_name":"Blog da Conube - Contabilidade e empreendedorismo","article_publisher":"https:\/\/www.facebook.com\/conube\/","article_published_time":"2017-05-24T21:43:06+00:00","article_modified_time":"2025-06-06T18:03:30+00:00","og_image":[{"width":1500,"height":700,"url":"https:\/\/conube.com.br\/blog\/wp-content\/uploads\/2017\/05\/Psicologia-das-Cores.jpg","type":"image\/jpeg"}],"author":"Jos\u00e9 Carlos R. J\u00fanior","twitter_card":"summary_large_image","twitter_creator":"@conubeweb","twitter_site":"@conubeweb","twitter_misc":{"Escrito por":"Jos\u00e9 Carlos R. J\u00fanior","Est. tempo de leitura":"8 minutos"},"schema":{"@context":"https:\/\/schema.org","@graph":[{"@type":"Article","@id":"https:\/\/conube.com.br\/blog\/psicologia-das-cores\/#article","isPartOf":{"@id":"https:\/\/conube.com.br\/blog\/psicologia-das-cores\/"},"author":{"name":"Jos\u00e9 Carlos R. J\u00fanior","@id":"https:\/\/conube.com.br\/blog\/#\/schema\/person\/dd1b10955caba11673a399d19e798ed3"},"headline":"Psicologia das Cores: como elas podem afetar no marketing e nas vendas","datePublished":"2017-05-24T21:43:06+00:00","dateModified":"2025-06-06T18:03:30+00:00","mainEntityOfPage":{"@id":"https:\/\/conube.com.br\/blog\/psicologia-das-cores\/"},"wordCount":1278,"commentCount":1,"publisher":{"@id":"https:\/\/conube.com.br\/blog\/#organization"},"articleSection":["Marketing"],"inLanguage":"pt-BR","potentialAction":[{"@type":"CommentAction","name":"Comment","target":["https:\/\/conube.com.br\/blog\/psicologia-das-cores\/#respond"]}]},{"@type":"WebPage","@id":"https:\/\/conube.com.br\/blog\/psicologia-das-cores\/","url":"https:\/\/conube.com.br\/blog\/psicologia-das-cores\/","name":"Psicologia das Cores: como elas podem afetar no marketing e nas vendas","isPartOf":{"@id":"https:\/\/conube.com.br\/blog\/#website"},"datePublished":"2017-05-24T21:43:06+00:00","dateModified":"2025-06-06T18:03:30+00:00","description":"A psicologia das cores \u00e9 um estudo que mostra como as cores afetam nossas emo\u00e7\u00f5es e nosso poder de decis\u00e3o. Confira alguns de seus principais pontos.","breadcrumb":{"@id":"https:\/\/conube.com.br\/blog\/psicologia-das-cores\/#breadcrumb"},"inLanguage":"pt-BR","potentialAction":[{"@type":"ReadAction","target":["https:\/\/conube.com.br\/blog\/psicologia-das-cores\/"]}]},{"@type":"BreadcrumbList","@id":"https:\/\/conube.com.br\/blog\/psicologia-das-cores\/#breadcrumb","itemListElement":[{"@type":"ListItem","position":1,"name":"In\u00edcio","item":"https:\/\/conube.com.br\/blog\/"},{"@type":"ListItem","position":2,"name":"Psicologia das Cores: como elas podem afetar no marketing e nas vendas"}]},{"@type":"WebSite","@id":"https:\/\/conube.com.br\/blog\/#website","url":"https:\/\/conube.com.br\/blog\/","name":"Blog da Conube - Contabilidade e empreendedorismo","description":"Fique por dentro de diversas novidades e dicas sobre neg\u00f3cios e contabilidade que ajudam na gest\u00e3o do seu neg\u00f3cio. Saiba mais.","publisher":{"@id":"https:\/\/conube.com.br\/blog\/#organization"},"potentialAction":[{"@type":"SearchAction","target":{"@type":"EntryPoint","urlTemplate":"https:\/\/conube.com.br\/blog\/?s={search_term_string}"},"query-input":"required name=search_term_string"}],"inLanguage":"pt-BR"},{"@type":"Organization","@id":"https:\/\/conube.com.br\/blog\/#organization","name":"Blog da Conube - Contabilidade e empreendedorismo","url":"https:\/\/conube.com.br\/blog\/","logo":{"@type":"ImageObject","inLanguage":"pt-BR","@id":"https:\/\/conube.com.br\/blog\/#\/schema\/logo\/image\/","url":"https:\/\/conube.com.br\/blog\/wp-content\/uploads\/2025\/10\/logo-conube.png","contentUrl":"https:\/\/conube.com.br\/blog\/wp-content\/uploads\/2025\/10\/logo-conube.png","width":222,"height":61,"caption":"Blog da Conube - Contabilidade e empreendedorismo"},"image":{"@id":"https:\/\/conube.com.br\/blog\/#\/schema\/logo\/image\/"},"sameAs":["https:\/\/www.facebook.com\/conube\/","https:\/\/twitter.com\/conubeweb","https:\/\/www.instagram.com\/conubeweb\/","https:\/\/www.linkedin.com\/company\/conube","https:\/\/www.youtube.com\/user\/ContabilidadeOnline"]},{"@type":"Person","@id":"https:\/\/conube.com.br\/blog\/#\/schema\/person\/dd1b10955caba11673a399d19e798ed3","name":"Jos\u00e9 Carlos R. J\u00fanior","image":{"@type":"ImageObject","inLanguage":"pt-BR","@id":"https:\/\/conube.com.br\/blog\/#\/schema\/person\/image\/","url":"https:\/\/secure.gravatar.com\/avatar\/9fbc5dfcaf8b34c9a5488acb9eda2110?s=96&d=mm&r=g","contentUrl":"https:\/\/secure.gravatar.com\/avatar\/9fbc5dfcaf8b34c9a5488acb9eda2110?s=96&d=mm&r=g","caption":"Jos\u00e9 Carlos R. J\u00fanior"},"description":"Jos\u00e9 Carlos R. J\u00fanior \u00e9 jornalista, redator e revisor de textos. Trazendo uma experi\u00eancia de mais de 10 anos gerenciando editorias em diversas m\u00eddias online e impressas, \u00e9 hoje o respons\u00e1vel pela gest\u00e3o de conte\u00fados e de comunica\u00e7\u00e3o da Conube.","url":"https:\/\/conube.com.br\/blog\/author\/lobao\/"}]}},"_links":{"self":[{"href":"https:\/\/conube.com.br\/blog\/wp-json\/wp\/v2\/posts\/50477"}],"collection":[{"href":"https:\/\/conube.com.br\/blog\/wp-json\/wp\/v2\/posts"}],"about":[{"href":"https:\/\/conube.com.br\/blog\/wp-json\/wp\/v2\/types\/post"}],"author":[{"embeddable":true,"href":"https:\/\/conube.com.br\/blog\/wp-json\/wp\/v2\/users\/31"}],"replies":[{"embeddable":true,"href":"https:\/\/conube.com.br\/blog\/wp-json\/wp\/v2\/comments?post=50477"}],"version-history":[{"count":1,"href":"https:\/\/conube.com.br\/blog\/wp-json\/wp\/v2\/posts\/50477\/revisions"}],"predecessor-version":[{"id":56683,"href":"https:\/\/conube.com.br\/blog\/wp-json\/wp\/v2\/posts\/50477\/revisions\/56683"}],"wp:featuredmedia":[{"embeddable":true,"href":"https:\/\/conube.com.br\/blog\/wp-json\/wp\/v2\/media\/50479"}],"wp:attachment":[{"href":"https:\/\/conube.com.br\/blog\/wp-json\/wp\/v2\/media?parent=50477"}],"wp:term":[{"taxonomy":"category","embeddable":true,"href":"https:\/\/conube.com.br\/blog\/wp-json\/wp\/v2\/categories?post=50477"},{"taxonomy":"post_tag","embeddable":true,"href":"https:\/\/conube.com.br\/blog\/wp-json\/wp\/v2\/tags?post=50477"}],"curies":[{"name":"wp","href":"https:\/\/api.w.org\/{rel}","templated":true}]}}