{"id":51828,"date":"2018-05-15T22:00:53","date_gmt":"2018-05-15T22:00:53","guid":{"rendered":"https:\/\/dev.conube.com.br\/?p=51828"},"modified":"2021-03-18T15:35:35","modified_gmt":"2021-03-18T18:35:35","slug":"o-que-e-esocial","status":"publish","type":"post","link":"https:\/\/conube.com.br\/blog\/o-que-e-esocial\/","title":{"rendered":"O que \u00e9 eSocial? Veja se voc\u00ea e sua empresa est\u00e3o preparados"},"content":{"rendered":"<p>Voc\u00ea sabia que a partir de 1\u00ba de julho de 2018 o eSocial ser\u00e1 obrigat\u00f3rio para todas as empresas? Talvez ainda nunca tenha parado para entender com mais detalhes o que \u00e9 eSocial e no que consiste. Preparamos um artigo com todas as informa\u00e7\u00f5es para esclarecer todos os pontos e no que impacta na sua empresa.<\/p>\n<p><a href=\"https:\/\/www.conube.com.br\/quanto-custa\/?utm_source=blog&amp;utm_medium=cta&amp;utm_campaign=calculadora-trocar-contador_v1\"><img decoding=\"async\" loading=\"lazy\" class=\"aligncenter wp-image-53386 size-full\" src=\"\/blog\/wp-content\/uploads\/2020\/08\/Site-Calculadora-Trocar-Contador_v1.png\" alt=\"\" width=\"688\" height=\"341\" srcset=\"https:\/\/conube.com.br\/blog\/wp-content\/uploads\/2020\/08\/Site-Calculadora-Trocar-Contador_v1.png 688w, https:\/\/conube.com.br\/blog\/wp-content\/uploads\/2020\/08\/Site-Calculadora-Trocar-Contador_v1-300x149.png 300w, https:\/\/conube.com.br\/blog\/wp-content\/uploads\/2020\/08\/Site-Calculadora-Trocar-Contador_v1-265x131.png 265w\" sizes=\"(max-width: 688px) 100vw, 688px\" \/><\/a><\/p>\n<h2>Mas o que \u00e9 eSocial?<\/h2>\n<p>O eSocial \u00e9 o Sistema de Escritura\u00e7\u00e3o Fiscal Digital das Obriga\u00e7\u00f5es Fiscais Previdenci\u00e1rias e Trabalhistas. \u00c9 um projeto do governo federal criado por meio do <a href=\"http:\/\/www.planalto.gov.br\/ccivil_03\/_ato2011-2014\/2014\/decreto\/d8373.htm\" target=\"_blank\" rel=\"noopener noreferrer\">decreto 8.373<\/a> de 11 de dezembro de 2014. Trata-se de um sistema do governo que unificar\u00e1 o envio das informa\u00e7\u00f5es de seus empregados e estagi\u00e1rios.<\/p>\n<p>\u00c9 uma ferramenta para consolidar as <a href=\"\/blog\/o-que-sao-obrigacoes-acessorias\/\">obriga\u00e7\u00f5es acess\u00f3rias<\/a> da \u00e1rea trabalhista de uma empresa em uma \u00fanica entrega. Ele est\u00e1 sendo desenvolvido pelo governo federal e ser\u00e1 obrigat\u00f3rio para todas as empresas do pa\u00eds. A obrigatoriedade passa a valer a partir de 1\u00ba de julho de 2018.<\/p>\n<p>O cronograma disponibilizado previa a sua implanta\u00e7\u00e3o em duas etapas, que s\u00e3o:<\/p>\n<ul>\n<li>A partir de 1\u00ba de janeiro de 2018: para as empresas cujo faturamento apurado no ano de 2016 tenha sido superior a R$ 78 milh\u00f5es<\/li>\n<li>A partir de 1\u00ba de julho de 2018: para todos os demais empregadores<\/li>\n<\/ul>\n<h3>Qual o objetivo do eSocial?<\/h3>\n<p>Tem como objetivo uniformizar, centralizar as obriga\u00e7\u00f5es e combater a <a href=\"\/blog\/o-que-e-sonegacao-de-impostos\/\">sonega\u00e7\u00e3o<\/a> relativas aos empregados. Logo no cruzamento de dados, fiscalizado o cumprimento da legisla\u00e7\u00e3o, envolvendo a Receita Federal, Minist\u00e9rio do Trabalho, Previd\u00eancia Social e Caixa Econ\u00f4mica Federal.<\/p>\n<h3>Quais obriga\u00e7\u00f5es acess\u00f3rias ser\u00e3o substitu\u00eddas?<\/h3>\n<p>As obriga\u00e7\u00f5es substitu\u00eddas ser\u00e3o: <a href=\"https:\/\/youtu.be\/W9FBpIEveGU\" target=\"_blank\" rel=\"noopener noreferrer\">CAGED<\/a> (Cadastro Geral de Empregados e Desempregados), GFIP (Guia de Recolhimento do FGTS), RAIS (Rela\u00e7\u00e3o Anual de Informa\u00e7\u00f5es Sociais), DIRF (Declara\u00e7\u00e3o do Imposto de Renda Retido na Fonte), CAT (Comunicado de Acidente de Trabalho), PPP (Perfil Profissiogr\u00e1fico Previdenci\u00e1rio), MANAD (Manual Normativo de Arquivos Digitais) e Livro de registro. A substitui\u00e7\u00e3o de atendimento destas obriga\u00e7\u00f5es \u00e9 estabelecida mediante a norma especificada pelo eSocial. Assim elas n\u00e3o ser\u00e3o mais exigidas pelo fisco.<\/p>\n<h3>Quais os benef\u00edcios do eSocial?<\/h3>\n<p>O sistema unificado vai garantir os direitos previdenci\u00e1rio e trabalhista dos empregados. Vai tamb\u00e9m simplificar e eliminar a duplicidade de informa\u00e7\u00f5es prestadas aos \u00f3rg\u00e3os p\u00fablicos.<\/p>\n<h3>Vantagens para as empresas<\/h3>\n<p>Simplificar o processo, gerar ganho de produtividade, centralizar as informa\u00e7\u00f5es e diminuir erros em c\u00e1lculos, pois com o E-Social ser\u00e1 apenas uma guia.<\/p>\n<p>Com a plataforma poder\u00e1 garantir seguran\u00e7a jur\u00eddica e principalmente em substitui\u00e7\u00e3o de diversas obriga\u00e7\u00f5es por apenas uma opera\u00e7\u00e3o que ser\u00e1 padronizada. Com a medida de implanta\u00e7\u00e3o do E-social ficar\u00e1 mais f\u00e1cil a disponibiliza\u00e7\u00e3o aos \u00f3rg\u00e3os envolvidos, assim evitando erro em informa\u00e7\u00f5es dos empregados.<\/p>\n<h3>Vantagens para os empregados<\/h3>\n<p>Ser\u00e1 garantir as informa\u00e7\u00f5es trabalhistas e previdenci\u00e1rias a maior transpar\u00eancia de seus contratos de trabalho, assim n\u00e3o h\u00e1 risco de perder informa\u00e7\u00f5es com o passar do tempo.<\/p>\n<p>Ser\u00e3o registradas todas as informa\u00e7\u00f5es como pagamentos, fun\u00e7\u00f5es desempenhadas, tipos de riscos, afastamentos, entre outros.<\/p>\n<h3>Como o eSocial vai funcionar?<\/h3>\n<figure id=\"attachment_51837\" aria-describedby=\"caption-attachment-51837\" style=\"width: 681px\" class=\"wp-caption aligncenter\"><img decoding=\"async\" loading=\"lazy\" class=\" wp-image-51837\" src=\"\/blog\/content\/uploads\/2018\/05\/Descubra-o-que-\u00e9-eSocial-e-no-que-isso-pode-impactar-sua-empresa.jpg\" alt=\"Descubra o que \u00e9 eSocial e no que isso pode impactar sua empresa\" width=\"681\" height=\"389\" srcset=\"https:\/\/conube.com.br\/blog\/wp-content\/uploads\/2018\/05\/Descubra-o-que-\u00e9-eSocial-e-no-que-isso-pode-impactar-sua-empresa.jpg 700w, https:\/\/conube.com.br\/blog\/wp-content\/uploads\/2018\/05\/Descubra-o-que-\u00e9-eSocial-e-no-que-isso-pode-impactar-sua-empresa-300x171.jpg 300w, https:\/\/conube.com.br\/blog\/wp-content\/uploads\/2018\/05\/Descubra-o-que-\u00e9-eSocial-e-no-que-isso-pode-impactar-sua-empresa-265x151.jpg 265w, https:\/\/conube.com.br\/blog\/wp-content\/uploads\/2018\/05\/Descubra-o-que-\u00e9-eSocial-e-no-que-isso-pode-impactar-sua-empresa-680x389.jpg 680w, https:\/\/conube.com.br\/blog\/wp-content\/uploads\/2018\/05\/Descubra-o-que-\u00e9-eSocial-e-no-que-isso-pode-impactar-sua-empresa-500x286.jpg 500w, https:\/\/conube.com.br\/blog\/wp-content\/uploads\/2018\/05\/Descubra-o-que-\u00e9-eSocial-e-no-que-isso-pode-impactar-sua-empresa-400x229.jpg 400w, https:\/\/conube.com.br\/blog\/wp-content\/uploads\/2018\/05\/Descubra-o-que-\u00e9-eSocial-e-no-que-isso-pode-impactar-sua-empresa-200x114.jpg 200w, https:\/\/conube.com.br\/blog\/wp-content\/uploads\/2018\/05\/Descubra-o-que-\u00e9-eSocial-e-no-que-isso-pode-impactar-sua-empresa-50x29.jpg 50w\" sizes=\"(max-width: 681px) 100vw, 681px\" \/><figcaption id=\"caption-attachment-51837\" class=\"wp-caption-text\"><a href=\"http:\/\/www.freepik.com\" target=\"_blank\" rel=\"noopener noreferrer\">Designed by Freepik<\/a><\/figcaption><\/figure>\n<p>O empregador poder\u00e1 acessar o <a href=\"https:\/\/portal.esocial.gov.br\/\" target=\"_blank\" rel=\"noopener noreferrer\">www.esocial.gov.br<\/a> para enviar os dados de seus empregados ou at\u00e9 mesmo usando o seu sistema de folha, sendo que muitos j\u00e1 est\u00e3o com atualiza\u00e7\u00f5es voltados ao eSocial.<\/p>\n<h3>Prazo para informa\u00e7\u00f5es de folha de pagamento<\/h3>\n<p>Com o eSocial a lei atual n\u00e3o \u00e9 alterada. Sendo assim, os envios dos dados dever\u00e3o obedecer o prazo determinado na legisla\u00e7\u00e3o, que \u00e9 at\u00e9 o dia 7 do m\u00eas subsequente. Caso a empresa n\u00e3o cumpra com esse prazo, poder\u00e1 haver penalidade com multas a partir de R$ 1.812,87.<\/p>\n<h3>Uso do certificado para o eSocial<\/h3>\n<p>A aquisi\u00e7\u00e3o do certificado digital \u00e9 o primeiro passo no processo de adequa\u00e7\u00e3o das empresas ao atendimento da exig\u00eancia do eSocial. Na pr\u00e1tica, ao assinar digitalmente as informa\u00e7\u00f5es relativas \u00e0s obriga\u00e7\u00f5es acess\u00f3rias, a empresa encaminha aos \u00f3rg\u00e3os fiscalizadores um arquivo que ser\u00e1 transformado em um documento eletr\u00f4nico.<\/p>\n<p>O acesso ao sistema do eSocial e a transmiss\u00e3o apenas ser\u00e3o poss\u00edveis por meio do uso de um <a href=\"\/blog\/o-que-e-certificado-digital\/\">certificado digital<\/a>. A empresa que deixar de enviar as informa\u00e7\u00f5es no prazo fixado em lei ou que encaminhar os arquivos com erros ou omiss\u00f5es ficar\u00e1 sujeita \u00e0s devidas penalidades legais.<\/p>\n<p>As novas obrigatoriedades valem para empresas que se enquadram no <a href=\"\/blog\/mudancas-no-simples-nacional\/\">Simples Nacional<\/a> com mais de tr\u00eas funcion\u00e1rios, mas a <a href=\"\/\">Conube<\/a> aconselha que qualquer empresa que possua empregados tenha o certificado digital, pois \u00e9 muito importante para a emiss\u00e3o de documentos referente ao fundo de garantia e at\u00e9 mesmo para realizar pesquisas de valores em aberto referente ao FGTS.<\/p>\n<h2>Quais as penalidades?<\/h2>\n<figure id=\"attachment_51839\" aria-describedby=\"caption-attachment-51839\" style=\"width: 700px\" class=\"wp-caption aligncenter\"><img decoding=\"async\" loading=\"lazy\" class=\"size-full wp-image-51839\" src=\"\/blog\/content\/uploads\/2018\/05\/Veja-o-que-\u00e9-eSocial.jpg\" alt=\"Veja o que \u00e9 eSocial\" width=\"700\" height=\"400\" srcset=\"https:\/\/conube.com.br\/blog\/wp-content\/uploads\/2018\/05\/Veja-o-que-\u00e9-eSocial.jpg 700w, https:\/\/conube.com.br\/blog\/wp-content\/uploads\/2018\/05\/Veja-o-que-\u00e9-eSocial-300x171.jpg 300w, https:\/\/conube.com.br\/blog\/wp-content\/uploads\/2018\/05\/Veja-o-que-\u00e9-eSocial-265x151.jpg 265w, https:\/\/conube.com.br\/blog\/wp-content\/uploads\/2018\/05\/Veja-o-que-\u00e9-eSocial-680x389.jpg 680w, https:\/\/conube.com.br\/blog\/wp-content\/uploads\/2018\/05\/Veja-o-que-\u00e9-eSocial-500x286.jpg 500w, https:\/\/conube.com.br\/blog\/wp-content\/uploads\/2018\/05\/Veja-o-que-\u00e9-eSocial-400x229.jpg 400w, https:\/\/conube.com.br\/blog\/wp-content\/uploads\/2018\/05\/Veja-o-que-\u00e9-eSocial-200x114.jpg 200w, https:\/\/conube.com.br\/blog\/wp-content\/uploads\/2018\/05\/Veja-o-que-\u00e9-eSocial-50x29.jpg 50w\" sizes=\"(max-width: 700px) 100vw, 700px\" \/><figcaption id=\"caption-attachment-51839\" class=\"wp-caption-text\"><a href=\"http:\/\/www.freepik.com\" target=\"_blank\" rel=\"noopener noreferrer\">Designed by Freepik<\/a><\/figcaption><\/figure>\n<p>Veja algumas penalidades por falta de entrega ou atraso:<\/p>\n<h3>F\u00e9rias<\/h3>\n<p>A comunica\u00e7\u00e3o ao departamento pessoal e ao empregado dever\u00e1 ocorrer com 30 dias de anteced\u00eancia de sua sa\u00edda de f\u00e9rias. A n\u00e3o comunica\u00e7\u00e3o de f\u00e9rias dos empregados poder\u00e1 gerar multa de R$ 170,00.<\/p>\n<h3>FGTS<\/h3>\n<p>Para as empresas que n\u00e3o efetuarem o dep\u00f3sito ou efetuarem depois da notifica\u00e7\u00e3o poder\u00e3o receber multas de R$ 10,64 a R$ 106,41 por empregado.<\/p>\n<h3>Admiss\u00e3o<\/h3>\n<p>A informa\u00e7\u00e3o de admiss\u00e3o do empregado dever\u00e1 ser informada com um dia antes do empregado iniciar as suas atividades, caso n\u00e3o informe dentro do prazo a empresa poder\u00e1 arcar com a penalidade prevista o artigo 47 da CLT, podendo gerar multas de R$ 3.000,00 a R$ 6.000,00 em caso de reincid\u00eancia e de R$ 800,00 por cada empregado n\u00e3o registrado, esse valor tamb\u00e9m se aplica por falta de registro na Carteira de Trabalho.<\/p>\n<h3>Altera\u00e7\u00f5es de contrato ou cadastro<\/h3>\n<p>Com a implanta\u00e7\u00e3o do eSocial todas as informa\u00e7\u00f5es dos empregados dever\u00e3o estar atualizadas. Caso a empresa n\u00e3o cumpra, poder\u00e1 ter como penalidade R$ 600,00 por empregado. Isso quando n\u00e3o forem informados os dados necess\u00e1rios para o seu registro ou falta de informa\u00e7\u00e3o.<\/p>\n<h3>Comunicar Acidente de Trabalho (CAT)<\/h3>\n<p>O CAT dever\u00e1 ser informado at\u00e9 o primeiro dia \u00fatil seguinte \u00e0 ocorr\u00eancia do acidente ou imediatamente em caso de falecimento do colaborador. As poss\u00edveis multas para o atraso ou se deixar de comunicar o acidente podem variar entre o limite e o m\u00e1ximo de sal\u00e1rio de contribui\u00e7\u00e3o.<\/p>\n<h3>Exames m\u00e9dicos<\/h3>\n<p>\u00c9 preciso realizar o Atestado de Sa\u00fade Ocupacional (ASO) antes que o empregado fa\u00e7a suas atividades. Ou em alguns momentos espec\u00edficos, como retorno ao trabalho, mudan\u00e7a de fun\u00e7\u00e3o, peri\u00f3dico e demissional. Conforme o artigo 201 da CLT prev\u00ea, o empregado que n\u00e3o gerar o exame a empresa est\u00e1 sujeita \u00e0 multa. O valor ser\u00e1 determinado pelo fiscal do trabalho e pode variar de R$ 402,53 a R$ 4.025,33.<\/p>\n<h3>Perfil Profissiogr\u00e1fico Previdenci\u00e1rio (PPP)<\/h3>\n<p>\u00c9 um documento que nele est\u00e3o as informa\u00e7\u00f5es de que empregados ficar\u00e3o expostos como agente f\u00edsico, biol\u00f3gico e qu\u00edmicos. Dependendo dos ricos o empregado poder\u00e1 ter direito a aposentadoria especial. O valor poder\u00e1 ser avaliado pelo fiscal do trabalho.<\/p>\n<h3>Afastamento<\/h3>\n<p>Quando o empregado se afastar das suas atividades por motivo de acidente, doen\u00e7a ou licen\u00e7a deve ser comunicado imediatamente. Isso porque a empresa poder\u00e1 ter uma multa estipulada pelo fiscal do Minist\u00e9rio do Trabalho.<\/p>\n<p>Disponibilizamos apenas as penalidades mais relevantes e que podem ocorrer com mais frequ\u00eancia. Lembrando que os valores poder\u00e3o ser alterados conforme a disponibilidade dos \u00f3rg\u00e3os.<\/p>\n<p><a href=\"https:\/\/www.conube.com.br\/trocar-contador\/?utm_source=blog&amp;utm_medium=cta&amp;utm_campaign=site-trocar-contador-v3\"><img decoding=\"async\" loading=\"lazy\" class=\"aligncenter wp-image-53396 size-full\" src=\"\/blog\/wp-content\/uploads\/2020\/08\/Site-Trocar-Contador-v3.png\" alt=\"\" width=\"688\" height=\"310\" srcset=\"https:\/\/conube.com.br\/blog\/wp-content\/uploads\/2020\/08\/Site-Trocar-Contador-v3.png 688w, https:\/\/conube.com.br\/blog\/wp-content\/uploads\/2020\/08\/Site-Trocar-Contador-v3-300x135.png 300w, https:\/\/conube.com.br\/blog\/wp-content\/uploads\/2020\/08\/Site-Trocar-Contador-v3-265x119.png 265w\" sizes=\"(max-width: 688px) 100vw, 688px\" \/><\/a><\/p>\n<p><strong>O que achou? Entendeu o que \u00e9 eSocial e como ele pode impactar a sua empresa?<\/strong><\/p>\n","protected":false},"excerpt":{"rendered":"<p>Voc\u00ea sabia que a partir de 1\u00ba de julho de 2018 o eSocial ser\u00e1 obrigat\u00f3rio para todas as empresas? Talvez ainda nunca tenha parado para entender com mais detalhes o que \u00e9 eSocial e no que consiste. Preparamos um artigo com todas as informa\u00e7\u00f5es para esclarecer todos os pontos e no que impacta na sua [&hellip;]<\/p>\n","protected":false},"author":146,"featured_media":51838,"comment_status":"open","ping_status":"open","sticky":false,"template":"","format":"image","meta":{"content-type":""},"categories":[131],"tags":[],"yoast_head":"<!-- This site is optimized with the Yoast SEO plugin v20.1 - https:\/\/yoast.com\/wordpress\/plugins\/seo\/ -->\n<title>O que \u00e9 eSocial? Veja se voc\u00ea e sua empresa est\u00e3o preparados - Blog da Conube - Contabilidade e empreendedorismo<\/title>\n<meta name=\"description\" content=\"Talvez voc\u00ea nunca tenha parado para entender o que \u00e9 eSocial e no que consiste. Leia o post, veja as informa\u00e7\u00f5es e entenda o que impacta na sua empresa.\" \/>\n<meta name=\"robots\" content=\"index, follow, max-snippet:-1, max-image-preview:large, max-video-preview:-1\" \/>\n<link rel=\"canonical\" href=\"https:\/\/conube.com.br\/blog\/o-que-e-esocial\/\" \/>\n<meta property=\"og:locale\" content=\"pt_BR\" \/>\n<meta property=\"og:type\" content=\"article\" \/>\n<meta property=\"og:title\" content=\"O que \u00e9 eSocial? Veja se voc\u00ea e sua empresa est\u00e3o preparados - Blog da Conube - Contabilidade e empreendedorismo\" \/>\n<meta property=\"og:description\" content=\"Talvez voc\u00ea nunca tenha parado para entender o que \u00e9 eSocial e no que consiste. Leia o post, veja as informa\u00e7\u00f5es e entenda o que impacta na sua empresa.\" \/>\n<meta property=\"og:url\" content=\"https:\/\/conube.com.br\/blog\/o-que-e-esocial\/\" \/>\n<meta property=\"og:site_name\" content=\"Blog da Conube - Contabilidade e empreendedorismo\" \/>\n<meta property=\"article:publisher\" content=\"https:\/\/www.facebook.com\/conube\/\" \/>\n<meta property=\"article:published_time\" content=\"2018-05-15T22:00:53+00:00\" \/>\n<meta property=\"article:modified_time\" content=\"2021-03-18T18:35:35+00:00\" \/>\n<meta property=\"og:image\" content=\"https:\/\/conube.com.br\/blog\/wp-content\/uploads\/2018\/05\/O-que-\u00e9-eSocial.jpg\" \/>\n\t<meta property=\"og:image:width\" content=\"1500\" \/>\n\t<meta property=\"og:image:height\" content=\"750\" \/>\n\t<meta property=\"og:image:type\" content=\"image\/jpeg\" \/>\n<meta name=\"author\" content=\"Yolanda Alves\" \/>\n<meta name=\"twitter:card\" content=\"summary_large_image\" \/>\n<meta name=\"twitter:creator\" content=\"@conubeweb\" \/>\n<meta name=\"twitter:site\" content=\"@conubeweb\" \/>\n<meta name=\"twitter:label1\" content=\"Escrito por\" \/>\n\t<meta name=\"twitter:data1\" content=\"Yolanda Alves\" \/>\n\t<meta name=\"twitter:label2\" content=\"Est. tempo de leitura\" \/>\n\t<meta name=\"twitter:data2\" content=\"6 minutos\" \/>\n<script type=\"application\/ld+json\" class=\"yoast-schema-graph\">{\"@context\":\"https:\/\/schema.org\",\"@graph\":[{\"@type\":\"Article\",\"@id\":\"https:\/\/conube.com.br\/blog\/o-que-e-esocial\/#article\",\"isPartOf\":{\"@id\":\"https:\/\/conube.com.br\/blog\/o-que-e-esocial\/\"},\"author\":{\"name\":\"Yolanda Alves\",\"@id\":\"https:\/\/conube.com.br\/blog\/#\/schema\/person\/4699b6338c8a92cf7a046117188f0919\"},\"headline\":\"O que \u00e9 eSocial? Veja se voc\u00ea e sua empresa est\u00e3o preparados\",\"datePublished\":\"2018-05-15T22:00:53+00:00\",\"dateModified\":\"2021-03-18T18:35:35+00:00\",\"mainEntityOfPage\":{\"@id\":\"https:\/\/conube.com.br\/blog\/o-que-e-esocial\/\"},\"wordCount\":1295,\"commentCount\":3,\"publisher\":{\"@id\":\"https:\/\/conube.com.br\/blog\/#organization\"},\"articleSection\":[\"Recursos Humanos\"],\"inLanguage\":\"pt-BR\",\"potentialAction\":[{\"@type\":\"CommentAction\",\"name\":\"Comment\",\"target\":[\"https:\/\/conube.com.br\/blog\/o-que-e-esocial\/#respond\"]}]},{\"@type\":\"WebPage\",\"@id\":\"https:\/\/conube.com.br\/blog\/o-que-e-esocial\/\",\"url\":\"https:\/\/conube.com.br\/blog\/o-que-e-esocial\/\",\"name\":\"O que \u00e9 eSocial? Veja se voc\u00ea e sua empresa est\u00e3o preparados - Blog da Conube - Contabilidade e empreendedorismo\",\"isPartOf\":{\"@id\":\"https:\/\/conube.com.br\/blog\/#website\"},\"datePublished\":\"2018-05-15T22:00:53+00:00\",\"dateModified\":\"2021-03-18T18:35:35+00:00\",\"description\":\"Talvez voc\u00ea nunca tenha parado para entender o que \u00e9 eSocial e no que consiste. Leia o post, veja as informa\u00e7\u00f5es e entenda o que impacta na sua empresa.\",\"breadcrumb\":{\"@id\":\"https:\/\/conube.com.br\/blog\/o-que-e-esocial\/#breadcrumb\"},\"inLanguage\":\"pt-BR\",\"potentialAction\":[{\"@type\":\"ReadAction\",\"target\":[\"https:\/\/conube.com.br\/blog\/o-que-e-esocial\/\"]}]},{\"@type\":\"BreadcrumbList\",\"@id\":\"https:\/\/conube.com.br\/blog\/o-que-e-esocial\/#breadcrumb\",\"itemListElement\":[{\"@type\":\"ListItem\",\"position\":1,\"name\":\"In\u00edcio\",\"item\":\"https:\/\/conube.com.br\/blog\/\"},{\"@type\":\"ListItem\",\"position\":2,\"name\":\"O que \u00e9 eSocial? Veja se voc\u00ea e sua empresa est\u00e3o preparados\"}]},{\"@type\":\"WebSite\",\"@id\":\"https:\/\/conube.com.br\/blog\/#website\",\"url\":\"https:\/\/conube.com.br\/blog\/\",\"name\":\"Blog da Conube - Contabilidade e empreendedorismo\",\"description\":\"Fique por dentro de diversas novidades e dicas sobre neg\u00f3cios e contabilidade que ajudam na gest\u00e3o do seu neg\u00f3cio. Saiba mais.\",\"publisher\":{\"@id\":\"https:\/\/conube.com.br\/blog\/#organization\"},\"potentialAction\":[{\"@type\":\"SearchAction\",\"target\":{\"@type\":\"EntryPoint\",\"urlTemplate\":\"https:\/\/conube.com.br\/blog\/?s={search_term_string}\"},\"query-input\":\"required name=search_term_string\"}],\"inLanguage\":\"pt-BR\"},{\"@type\":\"Organization\",\"@id\":\"https:\/\/conube.com.br\/blog\/#organization\",\"name\":\"Blog da Conube - Contabilidade e empreendedorismo\",\"url\":\"https:\/\/conube.com.br\/blog\/\",\"logo\":{\"@type\":\"ImageObject\",\"inLanguage\":\"pt-BR\",\"@id\":\"https:\/\/conube.com.br\/blog\/#\/schema\/logo\/image\/\",\"url\":\"https:\/\/conube.com.br\/blog\/wp-content\/uploads\/2025\/10\/logo-conube.png\",\"contentUrl\":\"https:\/\/conube.com.br\/blog\/wp-content\/uploads\/2025\/10\/logo-conube.png\",\"width\":222,\"height\":61,\"caption\":\"Blog da Conube - Contabilidade e empreendedorismo\"},\"image\":{\"@id\":\"https:\/\/conube.com.br\/blog\/#\/schema\/logo\/image\/\"},\"sameAs\":[\"https:\/\/www.facebook.com\/conube\/\",\"https:\/\/twitter.com\/conubeweb\",\"https:\/\/www.instagram.com\/conubeweb\/\",\"https:\/\/www.linkedin.com\/company\/conube\",\"https:\/\/www.youtube.com\/user\/ContabilidadeOnline\"]},{\"@type\":\"Person\",\"@id\":\"https:\/\/conube.com.br\/blog\/#\/schema\/person\/4699b6338c8a92cf7a046117188f0919\",\"name\":\"Yolanda Alves\",\"image\":{\"@type\":\"ImageObject\",\"inLanguage\":\"pt-BR\",\"@id\":\"https:\/\/conube.com.br\/blog\/#\/schema\/person\/image\/\",\"url\":\"https:\/\/secure.gravatar.com\/avatar\/91af657177cb53f23249e1fe0285728d?s=96&d=mm&r=g\",\"contentUrl\":\"https:\/\/secure.gravatar.com\/avatar\/91af657177cb53f23249e1fe0285728d?s=96&d=mm&r=g\",\"caption\":\"Yolanda Alves\"},\"description\":\"Formada em Gest\u00e3o de Recursos Humanos e tamb\u00e9m no curso T\u00e9cnico em Administra\u00e7\u00e3o, Yolanda Alves \u00e9 respons\u00e1vel pelo RH\/Departamento Pessoal da Conube.\",\"url\":\"https:\/\/conube.com.br\/blog\/author\/yolanda\/\"}]}<\/script>\n<!-- \/ Yoast SEO plugin. -->","yoast_head_json":{"title":"O que \u00e9 eSocial? Veja se voc\u00ea e sua empresa est\u00e3o preparados - Blog da Conube - Contabilidade e empreendedorismo","description":"Talvez voc\u00ea nunca tenha parado para entender o que \u00e9 eSocial e no que consiste. Leia o post, veja as informa\u00e7\u00f5es e entenda o que impacta na sua empresa.","robots":{"index":"index","follow":"follow","max-snippet":"max-snippet:-1","max-image-preview":"max-image-preview:large","max-video-preview":"max-video-preview:-1"},"canonical":"https:\/\/conube.com.br\/blog\/o-que-e-esocial\/","og_locale":"pt_BR","og_type":"article","og_title":"O que \u00e9 eSocial? Veja se voc\u00ea e sua empresa est\u00e3o preparados - Blog da Conube - Contabilidade e empreendedorismo","og_description":"Talvez voc\u00ea nunca tenha parado para entender o que \u00e9 eSocial e no que consiste. Leia o post, veja as informa\u00e7\u00f5es e entenda o que impacta na sua empresa.","og_url":"https:\/\/conube.com.br\/blog\/o-que-e-esocial\/","og_site_name":"Blog da Conube - Contabilidade e empreendedorismo","article_publisher":"https:\/\/www.facebook.com\/conube\/","article_published_time":"2018-05-15T22:00:53+00:00","article_modified_time":"2021-03-18T18:35:35+00:00","og_image":[{"width":1500,"height":750,"url":"https:\/\/conube.com.br\/blog\/wp-content\/uploads\/2018\/05\/O-que-\u00e9-eSocial.jpg","type":"image\/jpeg"}],"author":"Yolanda Alves","twitter_card":"summary_large_image","twitter_creator":"@conubeweb","twitter_site":"@conubeweb","twitter_misc":{"Escrito por":"Yolanda Alves","Est. tempo de leitura":"6 minutos"},"schema":{"@context":"https:\/\/schema.org","@graph":[{"@type":"Article","@id":"https:\/\/conube.com.br\/blog\/o-que-e-esocial\/#article","isPartOf":{"@id":"https:\/\/conube.com.br\/blog\/o-que-e-esocial\/"},"author":{"name":"Yolanda Alves","@id":"https:\/\/conube.com.br\/blog\/#\/schema\/person\/4699b6338c8a92cf7a046117188f0919"},"headline":"O que \u00e9 eSocial? Veja se voc\u00ea e sua empresa est\u00e3o preparados","datePublished":"2018-05-15T22:00:53+00:00","dateModified":"2021-03-18T18:35:35+00:00","mainEntityOfPage":{"@id":"https:\/\/conube.com.br\/blog\/o-que-e-esocial\/"},"wordCount":1295,"commentCount":3,"publisher":{"@id":"https:\/\/conube.com.br\/blog\/#organization"},"articleSection":["Recursos Humanos"],"inLanguage":"pt-BR","potentialAction":[{"@type":"CommentAction","name":"Comment","target":["https:\/\/conube.com.br\/blog\/o-que-e-esocial\/#respond"]}]},{"@type":"WebPage","@id":"https:\/\/conube.com.br\/blog\/o-que-e-esocial\/","url":"https:\/\/conube.com.br\/blog\/o-que-e-esocial\/","name":"O que \u00e9 eSocial? Veja se voc\u00ea e sua empresa est\u00e3o preparados - Blog da Conube - Contabilidade e empreendedorismo","isPartOf":{"@id":"https:\/\/conube.com.br\/blog\/#website"},"datePublished":"2018-05-15T22:00:53+00:00","dateModified":"2021-03-18T18:35:35+00:00","description":"Talvez voc\u00ea nunca tenha parado para entender o que \u00e9 eSocial e no que consiste. Leia o post, veja as informa\u00e7\u00f5es e entenda o que impacta na sua empresa.","breadcrumb":{"@id":"https:\/\/conube.com.br\/blog\/o-que-e-esocial\/#breadcrumb"},"inLanguage":"pt-BR","potentialAction":[{"@type":"ReadAction","target":["https:\/\/conube.com.br\/blog\/o-que-e-esocial\/"]}]},{"@type":"BreadcrumbList","@id":"https:\/\/conube.com.br\/blog\/o-que-e-esocial\/#breadcrumb","itemListElement":[{"@type":"ListItem","position":1,"name":"In\u00edcio","item":"https:\/\/conube.com.br\/blog\/"},{"@type":"ListItem","position":2,"name":"O que \u00e9 eSocial? Veja se voc\u00ea e sua empresa est\u00e3o preparados"}]},{"@type":"WebSite","@id":"https:\/\/conube.com.br\/blog\/#website","url":"https:\/\/conube.com.br\/blog\/","name":"Blog da Conube - Contabilidade e empreendedorismo","description":"Fique por dentro de diversas novidades e dicas sobre neg\u00f3cios e contabilidade que ajudam na gest\u00e3o do seu neg\u00f3cio. Saiba mais.","publisher":{"@id":"https:\/\/conube.com.br\/blog\/#organization"},"potentialAction":[{"@type":"SearchAction","target":{"@type":"EntryPoint","urlTemplate":"https:\/\/conube.com.br\/blog\/?s={search_term_string}"},"query-input":"required name=search_term_string"}],"inLanguage":"pt-BR"},{"@type":"Organization","@id":"https:\/\/conube.com.br\/blog\/#organization","name":"Blog da Conube - Contabilidade e empreendedorismo","url":"https:\/\/conube.com.br\/blog\/","logo":{"@type":"ImageObject","inLanguage":"pt-BR","@id":"https:\/\/conube.com.br\/blog\/#\/schema\/logo\/image\/","url":"https:\/\/conube.com.br\/blog\/wp-content\/uploads\/2025\/10\/logo-conube.png","contentUrl":"https:\/\/conube.com.br\/blog\/wp-content\/uploads\/2025\/10\/logo-conube.png","width":222,"height":61,"caption":"Blog da Conube - Contabilidade e empreendedorismo"},"image":{"@id":"https:\/\/conube.com.br\/blog\/#\/schema\/logo\/image\/"},"sameAs":["https:\/\/www.facebook.com\/conube\/","https:\/\/twitter.com\/conubeweb","https:\/\/www.instagram.com\/conubeweb\/","https:\/\/www.linkedin.com\/company\/conube","https:\/\/www.youtube.com\/user\/ContabilidadeOnline"]},{"@type":"Person","@id":"https:\/\/conube.com.br\/blog\/#\/schema\/person\/4699b6338c8a92cf7a046117188f0919","name":"Yolanda Alves","image":{"@type":"ImageObject","inLanguage":"pt-BR","@id":"https:\/\/conube.com.br\/blog\/#\/schema\/person\/image\/","url":"https:\/\/secure.gravatar.com\/avatar\/91af657177cb53f23249e1fe0285728d?s=96&d=mm&r=g","contentUrl":"https:\/\/secure.gravatar.com\/avatar\/91af657177cb53f23249e1fe0285728d?s=96&d=mm&r=g","caption":"Yolanda Alves"},"description":"Formada em Gest\u00e3o de Recursos Humanos e tamb\u00e9m no curso T\u00e9cnico em Administra\u00e7\u00e3o, Yolanda Alves \u00e9 respons\u00e1vel pelo RH\/Departamento Pessoal da Conube.","url":"https:\/\/conube.com.br\/blog\/author\/yolanda\/"}]}},"_links":{"self":[{"href":"https:\/\/conube.com.br\/blog\/wp-json\/wp\/v2\/posts\/51828"}],"collection":[{"href":"https:\/\/conube.com.br\/blog\/wp-json\/wp\/v2\/posts"}],"about":[{"href":"https:\/\/conube.com.br\/blog\/wp-json\/wp\/v2\/types\/post"}],"author":[{"embeddable":true,"href":"https:\/\/conube.com.br\/blog\/wp-json\/wp\/v2\/users\/146"}],"replies":[{"embeddable":true,"href":"https:\/\/conube.com.br\/blog\/wp-json\/wp\/v2\/comments?post=51828"}],"version-history":[{"count":0,"href":"https:\/\/conube.com.br\/blog\/wp-json\/wp\/v2\/posts\/51828\/revisions"}],"wp:featuredmedia":[{"embeddable":true,"href":"https:\/\/conube.com.br\/blog\/wp-json\/wp\/v2\/media\/51838"}],"wp:attachment":[{"href":"https:\/\/conube.com.br\/blog\/wp-json\/wp\/v2\/media?parent=51828"}],"wp:term":[{"taxonomy":"category","embeddable":true,"href":"https:\/\/conube.com.br\/blog\/wp-json\/wp\/v2\/categories?post=51828"},{"taxonomy":"post_tag","embeddable":true,"href":"https:\/\/conube.com.br\/blog\/wp-json\/wp\/v2\/tags?post=51828"}],"curies":[{"name":"wp","href":"https:\/\/api.w.org\/{rel}","templated":true}]}}