{"id":52030,"date":"2018-07-30T17:59:41","date_gmt":"2018-07-30T17:59:41","guid":{"rendered":"https:\/\/dev.conube.com.br\/?p=52030"},"modified":"2026-04-22T16:21:56","modified_gmt":"2026-04-22T19:21:56","slug":"fator-r-simples-nacional","status":"publish","type":"post","link":"https:\/\/conube.com.br\/blog\/fator-r-simples-nacional\/","title":{"rendered":"Como economizar at\u00e9 60% em impostos com o Fator R do Simples Nacional em 2026?"},"content":{"rendered":"<p>Toda mudan\u00e7a\u00a0na lei pode trazer consequ\u00eancias pr\u00e1ticas no dia a dia dos\u00a0empreendedores. Por isso a necessidade de se atualizar constantemente \u00e9 t\u00e3o grande. \u00c9 preciso entender essas\u00a0transforma\u00e7\u00f5es e como elas impactam a vida das empresas. Sobretudo do ponto de vista <a href=\"\/blog\/regime-tributario\/\">fiscal e tribut\u00e1rio<\/a>.<\/p>\n<p>Por exemplo, sobre o <a href=\"\/blog\/o-que-e-simples-nacional\/\">Simples Nacional<\/a>, voc\u00ea sabe se \u00e9 melhor uma atividade estar enquadrada no Anexo III ou V? Voc\u00ea j\u00e1 ouviu falar ou sabe o que \u00e9 Fator R do Simples Nacional?<\/p>\n<p>Ap\u00f3s as recentes altera\u00e7\u00f5es na legisla\u00e7\u00e3o que regulariza o Simples, atrav\u00e9s\u00a0da <a href=\"http:\/\/www.planalto.gov.br\/ccivil_03\/leis\/LCP\/Lcp155.htm\" target=\"_blank\" rel=\"noopener noreferrer\">Lei Complementar N\u00b0 155\/2016<\/a>,\u00a0muitas empresas passaram a ter suas atividades transitando entre os anexos III e V.<\/p>\n<p>Isso devido ao\u00a0novo m\u00e9todo de c\u00e1lculo chamado de\u00a0Fator R. Acontece que a diferen\u00e7a de impostos existente entre esses dois anexos \u00e9 significativa.<\/p>\n<p>A\u00ed come\u00e7aram as d\u00favidas: e ent\u00e3o, \u00e9 melhor estar no Anexo III ou no Anexo V do Simples? Como estar em cada um deles? O que \u00e9 Fator R? Leia o post at\u00e9 o final e entenda melhor.<\/p>\n<h2>O que \u00e9 Fator R do Simples Nacional?<\/h2>\n<p>Fator R \u00e9 o nome dado ao c\u00e1lculo realizado mensalmente para saber se uma empresa ser\u00e1 tributada no anexo III ou V do Simples Nacional.<\/p>\n<p>Conforme citam os par\u00e1grafos \u00a7\u00a7 5-J e 5-M do Art.18 da Lei Complementar N\u00b0123, se a raz\u00e3o entre a folha de sal\u00e1rios ou folha de pagamento (inclu\u00eddo o pr\u00f3-labore) dos \u00faltimos 12 meses e a receita bruta da pessoa jur\u00eddica dos \u00faltimos 12 meses for igual ou superior a 28% (vinte e oito por cento), dependendo da atividade econ\u00f4mica, a empresa deixar\u00e1 de ser tributada no anexo V e passar\u00e1 a ser tributada no anexo III.<\/p>\n<h2>Por que o fator R \u00e9 t\u00e3o importante para as pequenas e m\u00e9dias empresas?<\/h2>\n<p><a href=\"https:\/\/api.whatsapp.com\/send\/?phone=5511997290108&amp;text=Falar%20com%20Especialista&amp;type=phone_number&amp;app_absent=0\"><img decoding=\"async\" loading=\"lazy\" class=\"size-full wp-image-56714 aligncenter\" src=\"https:\/\/conube.com.br\/blog\/wp-content\/uploads\/2024\/02\/banner-4.png\" alt=\"\" width=\"700\" height=\"330\" srcset=\"https:\/\/conube.com.br\/blog\/wp-content\/uploads\/2024\/02\/banner-4.png 700w, https:\/\/conube.com.br\/blog\/wp-content\/uploads\/2024\/02\/banner-4-300x141.png 300w\" sizes=\"(max-width: 700px) 100vw, 700px\" \/><\/a><\/p>\n<p>\u00c9 muito importante que os empreendedores e gestores das pequenas e m\u00e9dias empresas fiquem por dentro do que \u00e9 Fator R. Tamb\u00e9m como ele pode impactar o dia a dia financeiro do neg\u00f3cio. Atrav\u00e9s do Fator R do Simples Nacional, \u00e9 poss\u00edvel pagar menos impostos.<\/p>\n<p>Isso dependendo do anexo do Simples em que a empresa est\u00e1 enquadrada. Normalmente o melhor \u00e9 estar no Anexo III, que tem uma al\u00edquota menor.<\/p>\n<p>Mas para isso \u00e9 necess\u00e1rio fazer contas e avaliar qual o melhor cen\u00e1rio. Enfim, optar ou n\u00e3o pelo Fator R pode influenciar em muitas quest\u00f5es da rotina da empresa. Para entender como ele funciona de fato, \u00e9 necess\u00e1rio conhecer o que diz a lei.<\/p>\n<h2>Lei Complementar do Simples Nacional e o Anexo V<\/h2>\n<p>Para entendermos como funciona o\u00a0Fator R, primeiro temos que conhecer a Lei que garantiu esse privil\u00e9gio \u00e0s microempresas e empresas de pequeno porte, como realizar seu c\u00e1lculo, a import\u00e2ncia do <a href=\"\/blog\/como-definir-o-valor-do-pro-labore\/\">Pr\u00f3-labore<\/a> nessa situa\u00e7\u00e3o e as atividades que est\u00e3o sujeitas a ele e seus respectivos anexos.<\/p>\n<p>A Lei Complementar N\u00ba 155, criada em 27 de outubro de 2016, estabeleceu uma reforma na legisla\u00e7\u00e3o existente, especialmente na <a href=\"http:\/\/www.planalto.gov.br\/ccivil_03\/leis\/LCP\/Lcp123.htm\" target=\"_blank\" rel=\"noopener noreferrer\">Lei Complementar N\u00b0123\/2006<\/a>.<\/p>\n<p>Esta famosa Lei 123 \u00e9 a que regulamenta\u00a0o Regime Tribut\u00e1rio Simplificado, conhecido como Simples Nacional. Por isso, aqui na Conube, costumamos dizer que de Simples, o Simples Nacional s\u00f3 tem o nome e o n\u00famero da Lei, que \u00e9 123.<\/p>\n<p>Uma das principais <a href=\"\/blog\/mudancas-no-simples-nacional\/\">altera\u00e7\u00f5es feitas pela nova Lei Complementar<\/a>\u00a0foi a extin\u00e7\u00e3o do Anexo VI. Assim, as atividades referentes a este anexo passaram a figurar no novo anexo V.<\/p>\n<p>Foi\u00a0por causa dessa\u00a0altera\u00e7\u00e3o que passou a ser adotado um novo m\u00e9todo de c\u00e1lculo, chamado de\u00a0Fator R.\u00a0Algumas dessas atividades, dependendo desse tal Fator R, poderiam estar enquadradas ou no Anexo III ou no Anexo V.<\/p>\n<p><a href=\"https:\/\/seja.conube.com.br\/webinar-fator-r\/?utm_source=blog&amp;utm_medium=cta&amp;utm_campaign=webinar-fator-r-v1\"><img decoding=\"async\" loading=\"lazy\" class=\"wp-image-55627 size-full aligncenter\" src=\"https:\/\/conube.com.br\/blog\/wp-content\/uploads\/2018\/07\/Webinar-Fator-R_v1-1.png\" alt=\"CTA Webinar Fator R\" width=\"700\" height=\"330\" srcset=\"https:\/\/conube.com.br\/blog\/wp-content\/uploads\/2018\/07\/Webinar-Fator-R_v1-1.png 700w, https:\/\/conube.com.br\/blog\/wp-content\/uploads\/2018\/07\/Webinar-Fator-R_v1-1-300x141.png 300w\" sizes=\"(max-width: 700px) 100vw, 700px\" \/><\/a><\/p>\n<h2>Anexo III ou Anexo V: onde vou pagar menos?<\/h2>\n<p>Ah, essa \u00e9 a pergunta do milh\u00e3o! Se voc\u00ea leu o t\u00f3pico anterior com aten\u00e7\u00e3o e entendeu o que \u00e9 Fator R, deve ter percebido que a troca que os empres\u00e1rios querem fazer ap\u00f3s entender essa altera\u00e7\u00e3o \u00e9 justamente sair do Anexo V e entrar no Anexo III. Mas por que isso? Algum palpite?<\/p>\n<p>Algu\u00e9m falou em economizar a\u00ed? Sim, isso mesmo! Elementar, meu caro Watson! Para pagar menos impostos! \u00c9 o que todo mundo quer, n\u00e3o \u00e9 verdade?<\/p>\n<p>A\u00a0<a href=\"\/blog\/anexo-5-tabela-simples-nacional\/\">tabela do Anexo V<\/a> mostra que as empresas\u00a0come\u00e7am a pagar impostos a partir de 15,5%, ao passo que no <a href=\"\/blog\/anexo-3-tabela-simples-nacional\/\">Anexo III<\/a> as al\u00edquotas s\u00e3o bem menores: a partir de 6%. Veja o comparativo abaixo:<\/p>\n<p style=\"text-align: center;\"><strong>Anexo III<\/strong><\/p>\n<p><a href=\"https:\/\/conube.com.br\/blog\/anexo-3-tabela-simples-nacional\/\"><img decoding=\"async\" loading=\"lazy\" class=\"size-full wp-image-55630 aligncenter\" src=\"https:\/\/conube.com.br\/blog\/wp-content\/uploads\/2018\/07\/Anexo-III-1.jpg\" alt=\"Anexo-III do Simples Nacional\" width=\"710\" height=\"372\" srcset=\"https:\/\/conube.com.br\/blog\/wp-content\/uploads\/2018\/07\/Anexo-III-1.jpg 710w, https:\/\/conube.com.br\/blog\/wp-content\/uploads\/2018\/07\/Anexo-III-1-300x157.jpg 300w\" sizes=\"(max-width: 710px) 100vw, 710px\" \/><\/a><\/p>\n<p style=\"text-align: center;\"><strong>Anexo V<\/strong><\/p>\n<p><a href=\"https:\/\/conube.com.br\/blog\/anexo-5-tabela-simples-nacional\/\"><img decoding=\"async\" loading=\"lazy\" class=\"size-full wp-image-55631 aligncenter\" src=\"https:\/\/conube.com.br\/blog\/wp-content\/uploads\/2018\/07\/Anexo-V-1.jpg\" alt=\"Anexo-V do Simples Nacional\" width=\"709\" height=\"374\" srcset=\"https:\/\/conube.com.br\/blog\/wp-content\/uploads\/2018\/07\/Anexo-V-1.jpg 709w, https:\/\/conube.com.br\/blog\/wp-content\/uploads\/2018\/07\/Anexo-V-1-300x158.jpg 300w\" sizes=\"(max-width: 709px) 100vw, 709px\" \/><\/a><\/p>\n<h2>Como calcular o Fator R do Simples Nacional?<\/h2>\n<p>Bom, agora que voc\u00ea j\u00e1 entendeu as diferen\u00e7as entre os anexos e o que \u00e9 Fator R, chegou a hora <a href=\"https:\/\/promo.conube.com.br\/planilha-fator-r\/?utm_source=blog&amp;utm_medium=cta&amp;utm_campaign=migracao-de-empresa&amp;utm_content=o-que-e-fator-r\">aprender o c\u00e1lculo<\/a>. N\u00e3o \u00e9 nada complicado!<\/p>\n<p>Mas, para facilitar, assegure-se de que tenha em m\u00e3os a folha de pagamento (pr\u00f3-labore, sal\u00e1rios, FGTS) e a receita bruta equivalente aos 12 meses anteriores ao per\u00edodo em que est\u00e1 sendo apurado. Conforme cita o par\u00e1grafo \u00a7 24, do Art. 18 da lei Complementar N\u00b0123\/2006:<\/p>\n<p><em>\u201c\u00a7 24.\u00a0 Para efeito de aplica\u00e7\u00e3o do \u00a7 5o-K, considera-se folha de sal\u00e1rios, inclu\u00eddos encargos, o montante pago, nos doze meses anteriores ao per\u00edodo de apura\u00e7\u00e3o, a t\u00edtulo de remunera\u00e7\u00f5es a pessoas f\u00edsicas decorrentes do trabalho, acrescido do montante efetivamente recolhido a t\u00edtulo de contribui\u00e7\u00e3o patronal previdenci\u00e1ria e FGTS, inclu\u00eddas as retiradas de pr\u00f3-labore.\u201d<\/em><\/p>\n<h3>Exemplo de\u00a0c\u00e1lculo:<\/h3>\n<p>Fator R = Folha de pagamento + Pr\u00f3-labore (em 12 meses) \/ Receita Bruta (em 12 meses)<\/p>\n<p><strong>Substituindo as vari\u00e1veis<\/strong><\/p>\n<p>Fator R = 5.600,00 \/ 20.000,00<\/p>\n<p>Fator R = 0,28 ou 28%<\/p>\n<p>Neste exemplo, o Fator R resultou em exatos 28%. Ou seja, neste caso, se a atividade estivesse entre as do Anexo V, poderia estar enquadrada no III e pagar menos impostos.<\/p>\n<p>Ap\u00f3s ser apurado o c\u00e1lculo para o Fator R<strong>,<\/strong>\u00a0basta apenas consultar os anexos para verificar a sua situa\u00e7\u00e3o e descobrir qual a al\u00edquota exata a ser paga.<\/p>\n<h2>Fator R pode ser uma medida de incentivo ao emprego?<\/h2>\n<p>Esse novo m\u00e9todo de c\u00e1lculo que influencia na maneira como \u00e9 encontrado o imposto que deve ser pago, \u00e9 uma das medidas encontradas pelo governo para poder se recuperar da crise que vem dificultando a vida de todos n\u00f3s brasileiros atrav\u00e9s do incentivo ao emprego.<\/p>\n<p>O racioc\u00ednio simples \u00e9: se minha folha de pagamento for maior, maiores as chances de eu pagar menos impostos.\u00a0Assim, essa altera\u00e7\u00e3o\u00a0poder\u00e1 fazer com o que as empresas que podem se beneficiar do Fator R, invistam em aumentar sua folha de pagamento para que ocorra a diminui\u00e7\u00e3o da sua carga tribut\u00e1ria.<\/p>\n<h2>D\u00e1 para se enquadrar no Anexo III e pagar menos impostos?<\/h2>\n<p><img decoding=\"async\" loading=\"lazy\" class=\"aligncenter size-full wp-image-52092\" src=\"\/blog\/content\/uploads\/2018\/07\/Anexo-III-ou-V.jpg\" alt=\"Anexo III ou V\" width=\"700\" height=\"400\" srcset=\"https:\/\/conube.com.br\/blog\/wp-content\/uploads\/2018\/07\/Anexo-III-ou-V.jpg 700w, https:\/\/conube.com.br\/blog\/wp-content\/uploads\/2018\/07\/Anexo-III-ou-V-300x171.jpg 300w, https:\/\/conube.com.br\/blog\/wp-content\/uploads\/2018\/07\/Anexo-III-ou-V-265x151.jpg 265w, https:\/\/conube.com.br\/blog\/wp-content\/uploads\/2018\/07\/Anexo-III-ou-V-680x389.jpg 680w, https:\/\/conube.com.br\/blog\/wp-content\/uploads\/2018\/07\/Anexo-III-ou-V-500x286.jpg 500w, https:\/\/conube.com.br\/blog\/wp-content\/uploads\/2018\/07\/Anexo-III-ou-V-400x229.jpg 400w, https:\/\/conube.com.br\/blog\/wp-content\/uploads\/2018\/07\/Anexo-III-ou-V-200x114.jpg 200w, https:\/\/conube.com.br\/blog\/wp-content\/uploads\/2018\/07\/Anexo-III-ou-V-50x29.jpg 50w\" sizes=\"(max-width: 700px) 100vw, 700px\" \/><\/p>\n<p>Uma das alternativas adotadas por algumas empresas para poder se enquadrar no anexo III (menos impostos), \u00e9 em um determinado m\u00eas aumentar o seu pr\u00f3-labore.<\/p>\n<p>S\u00f3 lembrando, pr\u00f3-labore \u00e9 sal\u00e1rio pago ao s\u00f3cio que desempenha alguma atividade na empresa, como, por exemplo, a fun\u00e7\u00e3o de um administrador.<\/p>\n<p>Como tudo tem consequ\u00eancias, \u00e9 importante ficar atento ao seguinte aspecto: caso haja a\u00a0op\u00e7\u00e3o\u00a0por essa estrat\u00e9gia, a empresa deve se atentar de que como consequ\u00eancia do aumento de pr\u00f3-labore tamb\u00e9m ocorrer\u00e1 o aumento prospectivo dos <a href=\"\/blog\/principais-impostos\/\">impostos<\/a> que incidem sobre ele, que seria o Imposto de Renda Retido da Fonte (IRRF) e o Instituto Nacional de Seguro Social (INSS).<\/p>\n<h2>Atividades que est\u00e3o sujeitas ao Fator R do Simples Nacional<\/h2>\n<p>Bom, como falamos, depois de entender o que \u00e9 Fator R e seus impactos, \u00e9 importante lembrar que apenas um grupo de atividades est\u00e3o sujeitas a esta vari\u00e1vel.\u00a0O inciso XII do par\u00e1grafo \u00a75-I do Art.18 da Lei Complementar N\u00b0123\/2006 diz que:<\/p>\n<p>\u201c<em>Outras atividades do setor de servi\u00e7os que tenham por finalidade a presta\u00e7\u00e3o de servi\u00e7os decorrentes do exerc\u00edcio de atividade intelectual, de natureza t\u00e9cnica, cient\u00edfica, desportiva, art\u00edstica ou cultural, que constitua profiss\u00e3o regulamentada ou n\u00e3o, desde que n\u00e3o sujeitas \u00e0 tributa\u00e7\u00e3o na forma dos Anexos III ou IV desta Lei Complementar.<\/em> \u201d<\/p>\n<h4>Veja os\u00a0principais exemplos de atividades sujeitas aos Fator R:<\/h4>\n<ul>\n<li>Fisioterapia, arquitetura e urbanismo;<\/li>\n<li>Medicina, inclusive laboratorial, e enfermagem;<\/li>\n<li>Odontologia e pr\u00f3tese dent\u00e1ria;<\/li>\n<li>Psicologia, psican\u00e1lise, terapia ocupacional, acupuntura, podologia, fonoaudiologia, cl\u00ednicas de nutri\u00e7\u00e3o e de vacina\u00e7\u00e3o e bancos de leite<\/li>\n<li>Administra\u00e7\u00e3o e loca\u00e7\u00e3o de im\u00f3veis de terceiros;<\/li>\n<li>Academias de dan\u00e7a, de capoeira, de ioga e de artes marciais;<\/li>\n<li>Academias de atividades f\u00edsicas, desportivas, de nata\u00e7\u00e3o e escolas de esportes;<\/li>\n<li>Elabora\u00e7\u00e3o de programas de computadores, inclusive jogos eletr\u00f4nicos, licenciamento ou cess\u00e3o de direito de uso de programas de computa\u00e7\u00e3o<\/li>\n<li>Planejamento, confec\u00e7\u00e3o, manuten\u00e7\u00e3o e atualiza\u00e7\u00e3o de p\u00e1ginas eletr\u00f4nicas;<\/li>\n<li>Empresas montadoras de estandes para feiras;<\/li>\n<li>Laborat\u00f3rios de an\u00e1lises cl\u00ednicas ou de patologia cl\u00ednica;<\/li>\n<li>Servi\u00e7os de tomografia, diagn\u00f3sticos m\u00e9dicos por imagem, registros gr\u00e1ficos e m\u00e9todos \u00f3ticos, bem como resson\u00e2ncia magn\u00e9tica, engenharia, medi\u00e7\u00e3o, cartografia, topografia, geologia, geod\u00e9sia, testes, suporte e an\u00e1lises t\u00e9cnicas e tecnol\u00f3gicas, pesquisa, design, desenho e agronomia;<\/li>\n<li>Medicina veterin\u00e1ria<\/li>\n<li>Servi\u00e7os de comiss\u00e1ria, de despachantes, de tradu\u00e7\u00e3o e de interpreta\u00e7\u00e3o;<\/li>\n<li>Representa\u00e7\u00e3o comercial e demais atividades de intermedia\u00e7\u00e3o de neg\u00f3cios e servi\u00e7os de terceiros;<\/li>\n<li>Per\u00edcia, leil\u00e3o e avalia\u00e7\u00e3o<\/li>\n<li>Auditoria, economia, consultoria, gest\u00e3o, organiza\u00e7\u00e3o, controle e administra\u00e7\u00e3o;<\/li>\n<li>Jornalismo e publicidade<\/li>\n<li>Agenciamento<\/li>\n<\/ul>\n<h2>Conclus\u00e3o sobre o Fator R<\/h2>\n<p>Como vimos, esse \u00e9 um assunto que envolve planejamento, c\u00e1lculos, an\u00e1lises e, por fim, uma tomada de decis\u00e3o. Para que tudo seja feito\u00a0da melhor forma poss\u00edvel, \u00e9 essencial que voc\u00ea consulte os profissionais que <a href=\"\/\">cuidam da contabilidade da sua empresa<\/a>.<\/p>\n<p>Certamente ele poder\u00e1 te ajudar a tomar a melhor decis\u00e3o com rela\u00e7\u00e3o ao anexo mais adequado e as respectivas estrat\u00e9gias para pagar o valor correto de impostos, dentro da lei.<\/p>\n<p><a href=\"https:\/\/api.whatsapp.com\/send\/?phone=5511997290108&amp;text=Falar%20com%20Especialista&amp;type=phone_number&amp;app_absent=0\"><img decoding=\"async\" loading=\"lazy\" class=\"size-full wp-image-56529 aligncenter\" src=\"https:\/\/conube.com.br\/blog\/wp-content\/uploads\/2025\/05\/Capa-e-banner-para-blog-TI-2.png\" alt=\"\" width=\"700\" height=\"330\" srcset=\"https:\/\/conube.com.br\/blog\/wp-content\/uploads\/2025\/05\/Capa-e-banner-para-blog-TI-2.png 700w, https:\/\/conube.com.br\/blog\/wp-content\/uploads\/2025\/05\/Capa-e-banner-para-blog-TI-2-300x141.png 300w\" sizes=\"(max-width: 700px) 100vw, 700px\" \/><\/a><\/p>\n<p><strong>E ent\u00e3o, entendeu o que \u00e9 Fator R? Conseguiu analisar se \u00e9 melhor estar no Anexo III ou V e quais as estrat\u00e9gias legais para isso? Deixe seus coment\u00e1rios!<\/strong><\/p>\n","protected":false},"excerpt":{"rendered":"<p>Toda mudan\u00e7a\u00a0na lei pode trazer consequ\u00eancias pr\u00e1ticas no dia a dia dos\u00a0empreendedores. Por isso a necessidade de se atualizar constantemente \u00e9 t\u00e3o grande. \u00c9 preciso entender essas\u00a0transforma\u00e7\u00f5es e como elas impactam a vida das empresas. Sobretudo do ponto de vista fiscal e tribut\u00e1rio. Por exemplo, sobre o Simples Nacional, voc\u00ea sabe se \u00e9 melhor uma [&hellip;]<\/p>\n","protected":false},"author":152,"featured_media":55624,"comment_status":"open","ping_status":"open","sticky":false,"template":"","format":"image","meta":{"content-type":""},"categories":[121],"tags":[],"yoast_head":"<!-- This site is optimized with the Yoast SEO plugin v20.1 - https:\/\/yoast.com\/wordpress\/plugins\/seo\/ -->\n<title>O que \u00e9 Fator R? Veja como economizar 60% em impostos!<\/title>\n<meta name=\"description\" content=\"Voc\u00ea sabe se \u00e9 melhor estar no Anexo III ou V? Sabe o que \u00e9 Fator R e como calcular? Descubra e economize at\u00e9 60% em impostos como PJ.\" \/>\n<meta name=\"robots\" content=\"index, follow, max-snippet:-1, max-image-preview:large, max-video-preview:-1\" \/>\n<link rel=\"canonical\" href=\"https:\/\/conube.com.br\/blog\/fator-r-simples-nacional\/\" \/>\n<meta property=\"og:locale\" content=\"pt_BR\" \/>\n<meta property=\"og:type\" content=\"article\" \/>\n<meta property=\"og:title\" content=\"O que \u00e9 Fator R? Veja como economizar 60% em impostos!\" \/>\n<meta property=\"og:description\" content=\"Voc\u00ea sabe se \u00e9 melhor estar no Anexo III ou V? Sabe o que \u00e9 Fator R e como calcular? Descubra e economize at\u00e9 60% em impostos como PJ.\" \/>\n<meta property=\"og:url\" content=\"https:\/\/conube.com.br\/blog\/fator-r-simples-nacional\/\" \/>\n<meta property=\"og:site_name\" content=\"Blog da Conube - Contabilidade e empreendedorismo\" \/>\n<meta property=\"article:publisher\" content=\"https:\/\/www.facebook.com\/conube\/\" \/>\n<meta property=\"article:published_time\" content=\"2018-07-30T17:59:41+00:00\" \/>\n<meta property=\"article:modified_time\" content=\"2026-04-22T19:21:56+00:00\" \/>\n<meta property=\"og:image\" content=\"https:\/\/conube.com.br\/blog\/wp-content\/uploads\/2018\/07\/Capa-Fator-R.png\" \/>\n\t<meta property=\"og:image:width\" content=\"1280\" \/>\n\t<meta property=\"og:image:height\" content=\"520\" \/>\n\t<meta property=\"og:image:type\" content=\"image\/png\" \/>\n<meta name=\"author\" content=\"Jadson Mota\" \/>\n<meta name=\"twitter:card\" content=\"summary_large_image\" \/>\n<meta name=\"twitter:creator\" content=\"@conubeweb\" \/>\n<meta name=\"twitter:site\" content=\"@conubeweb\" \/>\n<meta name=\"twitter:label1\" content=\"Escrito por\" \/>\n\t<meta name=\"twitter:data1\" content=\"Jadson Mota\" \/>\n\t<meta name=\"twitter:label2\" content=\"Est. tempo de leitura\" \/>\n\t<meta name=\"twitter:data2\" content=\"10 minutos\" \/>\n<script type=\"application\/ld+json\" class=\"yoast-schema-graph\">{\"@context\":\"https:\/\/schema.org\",\"@graph\":[{\"@type\":\"Article\",\"@id\":\"https:\/\/conube.com.br\/blog\/fator-r-simples-nacional\/#article\",\"isPartOf\":{\"@id\":\"https:\/\/conube.com.br\/blog\/fator-r-simples-nacional\/\"},\"author\":{\"name\":\"Jadson Mota\",\"@id\":\"https:\/\/conube.com.br\/blog\/#\/schema\/person\/a62c1ae2469d902bd9bc1413ac75cb94\"},\"headline\":\"Como economizar at\u00e9 60% em impostos com o Fator R do Simples Nacional em 2026?\",\"datePublished\":\"2018-07-30T17:59:41+00:00\",\"dateModified\":\"2026-04-22T19:21:56+00:00\",\"mainEntityOfPage\":{\"@id\":\"https:\/\/conube.com.br\/blog\/fator-r-simples-nacional\/\"},\"wordCount\":1699,\"commentCount\":36,\"publisher\":{\"@id\":\"https:\/\/conube.com.br\/blog\/#organization\"},\"articleSection\":[\"Impostos e Contribui\u00e7\u00f5es\"],\"inLanguage\":\"pt-BR\",\"potentialAction\":[{\"@type\":\"CommentAction\",\"name\":\"Comment\",\"target\":[\"https:\/\/conube.com.br\/blog\/fator-r-simples-nacional\/#respond\"]}]},{\"@type\":\"WebPage\",\"@id\":\"https:\/\/conube.com.br\/blog\/fator-r-simples-nacional\/\",\"url\":\"https:\/\/conube.com.br\/blog\/fator-r-simples-nacional\/\",\"name\":\"O que \u00e9 Fator R? Veja como economizar 60% em impostos!\",\"isPartOf\":{\"@id\":\"https:\/\/conube.com.br\/blog\/#website\"},\"datePublished\":\"2018-07-30T17:59:41+00:00\",\"dateModified\":\"2026-04-22T19:21:56+00:00\",\"description\":\"Voc\u00ea sabe se \u00e9 melhor estar no Anexo III ou V? Sabe o que \u00e9 Fator R e como calcular? Descubra e economize at\u00e9 60% em impostos como PJ.\",\"breadcrumb\":{\"@id\":\"https:\/\/conube.com.br\/blog\/fator-r-simples-nacional\/#breadcrumb\"},\"inLanguage\":\"pt-BR\",\"potentialAction\":[{\"@type\":\"ReadAction\",\"target\":[\"https:\/\/conube.com.br\/blog\/fator-r-simples-nacional\/\"]}]},{\"@type\":\"BreadcrumbList\",\"@id\":\"https:\/\/conube.com.br\/blog\/fator-r-simples-nacional\/#breadcrumb\",\"itemListElement\":[{\"@type\":\"ListItem\",\"position\":1,\"name\":\"In\u00edcio\",\"item\":\"https:\/\/conube.com.br\/blog\/\"},{\"@type\":\"ListItem\",\"position\":2,\"name\":\"Como economizar at\u00e9 60% em impostos com o Fator R do Simples Nacional em 2026?\"}]},{\"@type\":\"WebSite\",\"@id\":\"https:\/\/conube.com.br\/blog\/#website\",\"url\":\"https:\/\/conube.com.br\/blog\/\",\"name\":\"Blog da Conube - Contabilidade e empreendedorismo\",\"description\":\"Fique por dentro de diversas novidades e dicas sobre neg\u00f3cios e contabilidade que ajudam na gest\u00e3o do seu neg\u00f3cio. Saiba mais.\",\"publisher\":{\"@id\":\"https:\/\/conube.com.br\/blog\/#organization\"},\"potentialAction\":[{\"@type\":\"SearchAction\",\"target\":{\"@type\":\"EntryPoint\",\"urlTemplate\":\"https:\/\/conube.com.br\/blog\/?s={search_term_string}\"},\"query-input\":\"required name=search_term_string\"}],\"inLanguage\":\"pt-BR\"},{\"@type\":\"Organization\",\"@id\":\"https:\/\/conube.com.br\/blog\/#organization\",\"name\":\"Blog da Conube - Contabilidade e empreendedorismo\",\"url\":\"https:\/\/conube.com.br\/blog\/\",\"logo\":{\"@type\":\"ImageObject\",\"inLanguage\":\"pt-BR\",\"@id\":\"https:\/\/conube.com.br\/blog\/#\/schema\/logo\/image\/\",\"url\":\"https:\/\/conube.com.br\/blog\/wp-content\/uploads\/2025\/10\/logo-conube.png\",\"contentUrl\":\"https:\/\/conube.com.br\/blog\/wp-content\/uploads\/2025\/10\/logo-conube.png\",\"width\":222,\"height\":61,\"caption\":\"Blog da Conube - Contabilidade e empreendedorismo\"},\"image\":{\"@id\":\"https:\/\/conube.com.br\/blog\/#\/schema\/logo\/image\/\"},\"sameAs\":[\"https:\/\/www.facebook.com\/conube\/\",\"https:\/\/twitter.com\/conubeweb\",\"https:\/\/www.instagram.com\/conubeweb\/\",\"https:\/\/www.linkedin.com\/company\/conube\",\"https:\/\/www.youtube.com\/user\/ContabilidadeOnline\"]},{\"@type\":\"Person\",\"@id\":\"https:\/\/conube.com.br\/blog\/#\/schema\/person\/a62c1ae2469d902bd9bc1413ac75cb94\",\"name\":\"Jadson Mota\",\"image\":{\"@type\":\"ImageObject\",\"inLanguage\":\"pt-BR\",\"@id\":\"https:\/\/conube.com.br\/blog\/#\/schema\/person\/image\/\",\"url\":\"https:\/\/secure.gravatar.com\/avatar\/96c36ff218e34bc2101b2d3084ca9c00?s=96&d=mm&r=g\",\"contentUrl\":\"https:\/\/secure.gravatar.com\/avatar\/96c36ff218e34bc2101b2d3084ca9c00?s=96&d=mm&r=g\",\"caption\":\"Jadson Mota\"},\"description\":\"T\u00e9cnico em Contabilidade formado pela Etec de Embu, Jadson integra a equipe fiscal da Conube Contabilidade Online.\",\"url\":\"https:\/\/conube.com.br\/blog\/author\/jadson-mota\/\"}]}<\/script>\n<!-- \/ Yoast SEO plugin. -->","yoast_head_json":{"title":"O que \u00e9 Fator R? Veja como economizar 60% em impostos!","description":"Voc\u00ea sabe se \u00e9 melhor estar no Anexo III ou V? Sabe o que \u00e9 Fator R e como calcular? Descubra e economize at\u00e9 60% em impostos como PJ.","robots":{"index":"index","follow":"follow","max-snippet":"max-snippet:-1","max-image-preview":"max-image-preview:large","max-video-preview":"max-video-preview:-1"},"canonical":"https:\/\/conube.com.br\/blog\/fator-r-simples-nacional\/","og_locale":"pt_BR","og_type":"article","og_title":"O que \u00e9 Fator R? Veja como economizar 60% em impostos!","og_description":"Voc\u00ea sabe se \u00e9 melhor estar no Anexo III ou V? Sabe o que \u00e9 Fator R e como calcular? Descubra e economize at\u00e9 60% em impostos como PJ.","og_url":"https:\/\/conube.com.br\/blog\/fator-r-simples-nacional\/","og_site_name":"Blog da Conube - Contabilidade e empreendedorismo","article_publisher":"https:\/\/www.facebook.com\/conube\/","article_published_time":"2018-07-30T17:59:41+00:00","article_modified_time":"2026-04-22T19:21:56+00:00","og_image":[{"width":1280,"height":520,"url":"https:\/\/conube.com.br\/blog\/wp-content\/uploads\/2018\/07\/Capa-Fator-R.png","type":"image\/png"}],"author":"Jadson Mota","twitter_card":"summary_large_image","twitter_creator":"@conubeweb","twitter_site":"@conubeweb","twitter_misc":{"Escrito por":"Jadson Mota","Est. tempo de leitura":"10 minutos"},"schema":{"@context":"https:\/\/schema.org","@graph":[{"@type":"Article","@id":"https:\/\/conube.com.br\/blog\/fator-r-simples-nacional\/#article","isPartOf":{"@id":"https:\/\/conube.com.br\/blog\/fator-r-simples-nacional\/"},"author":{"name":"Jadson Mota","@id":"https:\/\/conube.com.br\/blog\/#\/schema\/person\/a62c1ae2469d902bd9bc1413ac75cb94"},"headline":"Como economizar at\u00e9 60% em impostos com o Fator R do Simples Nacional em 2026?","datePublished":"2018-07-30T17:59:41+00:00","dateModified":"2026-04-22T19:21:56+00:00","mainEntityOfPage":{"@id":"https:\/\/conube.com.br\/blog\/fator-r-simples-nacional\/"},"wordCount":1699,"commentCount":36,"publisher":{"@id":"https:\/\/conube.com.br\/blog\/#organization"},"articleSection":["Impostos e Contribui\u00e7\u00f5es"],"inLanguage":"pt-BR","potentialAction":[{"@type":"CommentAction","name":"Comment","target":["https:\/\/conube.com.br\/blog\/fator-r-simples-nacional\/#respond"]}]},{"@type":"WebPage","@id":"https:\/\/conube.com.br\/blog\/fator-r-simples-nacional\/","url":"https:\/\/conube.com.br\/blog\/fator-r-simples-nacional\/","name":"O que \u00e9 Fator R? Veja como economizar 60% em impostos!","isPartOf":{"@id":"https:\/\/conube.com.br\/blog\/#website"},"datePublished":"2018-07-30T17:59:41+00:00","dateModified":"2026-04-22T19:21:56+00:00","description":"Voc\u00ea sabe se \u00e9 melhor estar no Anexo III ou V? Sabe o que \u00e9 Fator R e como calcular? Descubra e economize at\u00e9 60% em impostos como PJ.","breadcrumb":{"@id":"https:\/\/conube.com.br\/blog\/fator-r-simples-nacional\/#breadcrumb"},"inLanguage":"pt-BR","potentialAction":[{"@type":"ReadAction","target":["https:\/\/conube.com.br\/blog\/fator-r-simples-nacional\/"]}]},{"@type":"BreadcrumbList","@id":"https:\/\/conube.com.br\/blog\/fator-r-simples-nacional\/#breadcrumb","itemListElement":[{"@type":"ListItem","position":1,"name":"In\u00edcio","item":"https:\/\/conube.com.br\/blog\/"},{"@type":"ListItem","position":2,"name":"Como economizar at\u00e9 60% em impostos com o Fator R do Simples Nacional em 2026?"}]},{"@type":"WebSite","@id":"https:\/\/conube.com.br\/blog\/#website","url":"https:\/\/conube.com.br\/blog\/","name":"Blog da Conube - Contabilidade e empreendedorismo","description":"Fique por dentro de diversas novidades e dicas sobre neg\u00f3cios e contabilidade que ajudam na gest\u00e3o do seu neg\u00f3cio. Saiba mais.","publisher":{"@id":"https:\/\/conube.com.br\/blog\/#organization"},"potentialAction":[{"@type":"SearchAction","target":{"@type":"EntryPoint","urlTemplate":"https:\/\/conube.com.br\/blog\/?s={search_term_string}"},"query-input":"required name=search_term_string"}],"inLanguage":"pt-BR"},{"@type":"Organization","@id":"https:\/\/conube.com.br\/blog\/#organization","name":"Blog da Conube - Contabilidade e empreendedorismo","url":"https:\/\/conube.com.br\/blog\/","logo":{"@type":"ImageObject","inLanguage":"pt-BR","@id":"https:\/\/conube.com.br\/blog\/#\/schema\/logo\/image\/","url":"https:\/\/conube.com.br\/blog\/wp-content\/uploads\/2025\/10\/logo-conube.png","contentUrl":"https:\/\/conube.com.br\/blog\/wp-content\/uploads\/2025\/10\/logo-conube.png","width":222,"height":61,"caption":"Blog da Conube - Contabilidade e empreendedorismo"},"image":{"@id":"https:\/\/conube.com.br\/blog\/#\/schema\/logo\/image\/"},"sameAs":["https:\/\/www.facebook.com\/conube\/","https:\/\/twitter.com\/conubeweb","https:\/\/www.instagram.com\/conubeweb\/","https:\/\/www.linkedin.com\/company\/conube","https:\/\/www.youtube.com\/user\/ContabilidadeOnline"]},{"@type":"Person","@id":"https:\/\/conube.com.br\/blog\/#\/schema\/person\/a62c1ae2469d902bd9bc1413ac75cb94","name":"Jadson Mota","image":{"@type":"ImageObject","inLanguage":"pt-BR","@id":"https:\/\/conube.com.br\/blog\/#\/schema\/person\/image\/","url":"https:\/\/secure.gravatar.com\/avatar\/96c36ff218e34bc2101b2d3084ca9c00?s=96&d=mm&r=g","contentUrl":"https:\/\/secure.gravatar.com\/avatar\/96c36ff218e34bc2101b2d3084ca9c00?s=96&d=mm&r=g","caption":"Jadson Mota"},"description":"T\u00e9cnico em Contabilidade formado pela Etec de Embu, Jadson integra a equipe fiscal da Conube Contabilidade Online.","url":"https:\/\/conube.com.br\/blog\/author\/jadson-mota\/"}]}},"_links":{"self":[{"href":"https:\/\/conube.com.br\/blog\/wp-json\/wp\/v2\/posts\/52030"}],"collection":[{"href":"https:\/\/conube.com.br\/blog\/wp-json\/wp\/v2\/posts"}],"about":[{"href":"https:\/\/conube.com.br\/blog\/wp-json\/wp\/v2\/types\/post"}],"author":[{"embeddable":true,"href":"https:\/\/conube.com.br\/blog\/wp-json\/wp\/v2\/users\/152"}],"replies":[{"embeddable":true,"href":"https:\/\/conube.com.br\/blog\/wp-json\/wp\/v2\/comments?post=52030"}],"version-history":[{"count":15,"href":"https:\/\/conube.com.br\/blog\/wp-json\/wp\/v2\/posts\/52030\/revisions"}],"predecessor-version":[{"id":57034,"href":"https:\/\/conube.com.br\/blog\/wp-json\/wp\/v2\/posts\/52030\/revisions\/57034"}],"wp:featuredmedia":[{"embeddable":true,"href":"https:\/\/conube.com.br\/blog\/wp-json\/wp\/v2\/media\/55624"}],"wp:attachment":[{"href":"https:\/\/conube.com.br\/blog\/wp-json\/wp\/v2\/media?parent=52030"}],"wp:term":[{"taxonomy":"category","embeddable":true,"href":"https:\/\/conube.com.br\/blog\/wp-json\/wp\/v2\/categories?post=52030"},{"taxonomy":"post_tag","embeddable":true,"href":"https:\/\/conube.com.br\/blog\/wp-json\/wp\/v2\/tags?post=52030"}],"curies":[{"name":"wp","href":"https:\/\/api.w.org\/{rel}","templated":true}]}}