{"id":55043,"date":"2023-01-31T10:28:05","date_gmt":"2023-01-31T13:28:05","guid":{"rendered":"https:\/\/dev.conube.com.br\/blog\/?p=55043"},"modified":"2023-01-31T10:28:05","modified_gmt":"2023-01-31T13:28:05","slug":"calendario-fiscal-de-obrigacoes","status":"publish","type":"post","link":"https:\/\/conube.com.br\/blog\/calendario-fiscal-de-obrigacoes\/","title":{"rendered":"Veja o calend\u00e1rio fiscal de obriga\u00e7\u00f5es acess\u00f3rias em 2023"},"content":{"rendered":"<p>Um calend\u00e1rio fiscal de obriga\u00e7\u00f5es acess\u00f3rias pode te ajudar, e muito, a cuidar da gest\u00e3o da sua empresa. Afinal, essa n\u00e3o \u00e9 uma tarefa f\u00e1cil, principalmente considerando as quest\u00f5es burocr\u00e1ticas que envolvem sua manuten\u00e7\u00e3o.<\/p>\n<p>Ao longo de um ano, para manter sua regularidade, uma empresa precisa cumprir com diversas obriga\u00e7\u00f5es acess\u00f3rias exigidas para coletar dados referentes \u00e0s opera\u00e7\u00f5es feitas e, assim, prestar contas ao Fisco. Essas obriga\u00e7\u00f5es variam de empresa para empresa, pois dependem do faturamento, atividade exercida e outras peculiaridades.<\/p>\n<p>Para te ajudar a ficar por dentro de todas as entregas que precisam ser feitas, preparamos um calend\u00e1rio fiscal de obriga\u00e7\u00f5es acess\u00f3rias com a ordem de datas e prazos das entregas para voc\u00ea acompanhar!<\/p>\n<h2>O que \u00e9 obriga\u00e7\u00e3o acess\u00f3ria?<\/h2>\n<p>Antecipadamente, vamos entender qual \u00e9 a defini\u00e7\u00e3o de &#8220;obriga\u00e7\u00e3o acess\u00f3ria&#8221;.<\/p>\n<p>Em suma, as <a href=\"\/blog\/?p=51485\">obriga\u00e7\u00f5es acess\u00f3rias<\/a> s\u00e3o aquelas declara\u00e7\u00f5es que precisam ser entregues mensal, trimestral e anualmente pelas empresas visando mostrar ao governo que a empresa cumpre com suas obriga\u00e7\u00f5es e segue as regras fiscais estabelecidas.<\/p>\n<p>Assim, fica evidente que essas declara\u00e7\u00f5es s\u00e3o de entrega obrigat\u00f3ria e, por isso, a n\u00e3o entrega delas pode ocasionar multas altas que prejudicam a empresa. Portanto, foi pensando nisso que criamos o calend\u00e1rio fiscal de obriga\u00e7\u00f5es acess\u00f3rias, para voc\u00ea acompanhar e n\u00e3o esquecer de nenhuma.<\/p>\n<h2>Calend\u00e1rio mensal de obriga\u00e7\u00f5es fiscais<\/h2>\n<h4>E-SOCIAL<\/h4>\n<p>Tamb\u00e9m conhecida como \u201cCadastro Geral de Empregados e Desempregados\u201d, o <a href=\"\/blog\/?p=51828\">E-Social<\/a> serve para informar as admiss\u00f5es ou demiss\u00f5es de empregos no regime CLT. \u00c9 muito importante fazer essa entrega, pois \u00e9 por meio dela que muitos programas funcionam, como, por exemplo, o Seguro-Desemprego. Seu prazo de entrega \u00e9 at\u00e9 o dia 7 do m\u00eas seguinte dos acontecimentos em quest\u00e3o.<\/p>\n<h4>DCTF<\/h4>\n<p>A &#8220;Declara\u00e7\u00e3o de D\u00e9bitos e Cr\u00e9ditos Tribut\u00e1rios Federais&#8221; consiste na declara\u00e7\u00e3o que informa a rela\u00e7\u00e3o de impostos federais, como CSLL, IRRF, IPI, entre outros. Essa declara\u00e7\u00e3o deve ser apresentada at\u00e9 o 15\u00b0 dia \u00fatil do 2\u00b0 m\u00eas seguinte ao da ocorr\u00eancia dos fatos.<\/p>\n<h4>DCTFWeb<\/h4>\n<p>A DCTFWeb veio para substituir a guia GFIP. Ou seja, sua fun\u00e7\u00e3o \u00e9 declarar as contribui\u00e7\u00f5es previdenci\u00e1rias existentes na empresa. Ela deve ser apresentada mensalmente, at\u00e9 o dia 15 do m\u00eas seguinte ao da ocorr\u00eancia dos fatos.<\/p>\n<h4>PGDAS<\/h4>\n<p>A sigla significa &#8220;Programa Gerador do Documento de Arrecada\u00e7\u00e3o do Simples Nacional&#8221;. \u00c9 por onde \u00e9 gerada a guia de pagamento que junta todos os impostos que devem ser pagos para as empresas optantes do regime do <a href=\"\/blog\/?p=33991\">Simples Nacional<\/a>. O pagamento dela deve ser feito todo dia 20 do m\u00eas.<\/p>\n<h4>EFD IPI ICMS\/SPED Fiscal<\/h4>\n<p>Essa obriga\u00e7\u00e3o visa apurar os cr\u00e9ditos e d\u00e9bitos de ICMS e IPI. A data de entrega \u00e9 at\u00e9 o dia 15 (quinze) do m\u00eas subsequente ao encerramento do m\u00eas da apura\u00e7\u00e3o.<\/p>\n<h4>GIA<\/h4>\n<p>\u00c9 a &#8220;Guia de Informa\u00e7\u00e3o e Apura\u00e7\u00e3o&#8221; do ICMS. Ela deve ser apresentada no m\u00eas seguinte ao da apura\u00e7\u00e3o e deve conter as entradas e sa\u00eddas de uma empresa para verificar a aplica\u00e7\u00e3o do ICMS em cada opera\u00e7\u00e3o.<\/p>\n<h4>EFD<\/h4>\n<p>Deve entregar a EFD (Escritura\u00e7\u00e3o Fiscal Digital) Contribui\u00e7\u00f5es todas as pessoas jur\u00eddicas sujeitas \u00e0 apura\u00e7\u00e3o da Contribui\u00e7\u00e3o para o PIS\/Pasep e da Cofins, incidentes sobre o faturamento e a receita.<\/p>\n<h4>EFDReinf<\/h4>\n<p>Por fim, a EFDReinf \u00e9 a Escritura\u00e7\u00e3o Fiscal Digital que apresenta informa\u00e7\u00f5es voltadas para a reten\u00e7\u00e3o de tributos administrados pela Receita Federal. Ela declara todas as informa\u00e7\u00f5es destinadas \u00e0s contribui\u00e7\u00f5es previdenci\u00e1rias, reten\u00e7\u00e3o de imposto de renda e \u00e0s reten\u00e7\u00f5es das contribui\u00e7\u00f5es sociais. Ela deve ser entregue mensalmente com prazo at\u00e9 o 15\u00ba dia do m\u00eas subsequente.<\/p>\n<h4>DeSTDA<\/h4>\n<p>Essa \u00e9 uma obriga\u00e7\u00e3o acess\u00f3ria dos contribuintes do ICMS optantes pelo Simples Nacional. A entrega da DeSTDA \u00e9 todo dia 28 do m\u00eas subsequente ao encerramento do per\u00edodo de apura\u00e7\u00e3o.<\/p>\n<p><img decoding=\"async\" loading=\"lazy\" class=\"alignnone wp-image-55047\" src=\"\/blog\/wp-content\/uploads\/2023\/01\/imagem-interna-calendario-300x122.png\" alt=\"\" width=\"723\" height=\"294\" srcset=\"https:\/\/conube.com.br\/blog\/wp-content\/uploads\/2023\/01\/imagem-interna-calendario-300x122.png 300w, https:\/\/conube.com.br\/blog\/wp-content\/uploads\/2023\/01\/imagem-interna-calendario-1024x416.png 1024w, https:\/\/conube.com.br\/blog\/wp-content\/uploads\/2023\/01\/imagem-interna-calendario-768x312.png 768w, https:\/\/conube.com.br\/blog\/wp-content\/uploads\/2023\/01\/imagem-interna-calendario-265x108.png 265w, https:\/\/conube.com.br\/blog\/wp-content\/uploads\/2023\/01\/imagem-interna-calendario.png 1280w\" sizes=\"(max-width: 723px) 100vw, 723px\" \/><\/p>\n<h2>Calend\u00e1rio fiscal de obriga\u00e7\u00f5es acess\u00f3rias anuais<\/h2>\n<h4>DEFIS<\/h4>\n<p>A <a href=\"\/blog\/?p=49841\">&#8220;Declara\u00e7\u00e3o de Informa\u00e7\u00f5es Socioecon\u00f4micas e Fiscais&#8221; (Defis)<\/a> \u00e9 uma declara\u00e7\u00e3o obrigat\u00f3ria para os empreendimentos optantes pelo Simples Nacional. O documento deve constar a situa\u00e7\u00e3o de tributos e impostos recolhidos no ano de apura\u00e7\u00e3o. Deve ser entregue at\u00e9 31 de mar\u00e7o do ano-calend\u00e1rio subsequente ao da ocorr\u00eancia dos fatos geradores.<\/p>\n<h4>DIRF<\/h4>\n<p>A sigla significa &#8220;Declara\u00e7\u00e3o do Imposto sobre a Renda Retido na Fonte&#8221;. Ela \u00e9 uma obriga\u00e7\u00e3o tribut\u00e1ria pertinente para todas as pessoas jur\u00eddicas. Do mesmo modo, seu objetivo \u00e9 informar o valor do Imposto de Renda na fonte, valores pagos ou creditados para seus benefici\u00e1rios. O prazo m\u00e1ximo para entrega \u00e9 at\u00e9 o dia 28 de fevereiro.<\/p>\n<h4>ECD<\/h4>\n<p>A <a href=\"\/blog\/?p=51726\">ECD &#8211; Escritura\u00e7\u00e3o Cont\u00e1bil Digital<\/a> \u00e9 transmitida anualmente ao Sped (sistema que integra as escritura\u00e7\u00f5es digitais) at\u00e9 o \u00faltimo dia \u00fatil de maio do ano seguinte ao ano-calend\u00e1rio da escritura\u00e7\u00e3o em quest\u00e3o. Al\u00e9m disso, ela tem por objetivo substituir a escritura\u00e7\u00e3o f\u00edsica pela escritura\u00e7\u00e3o digital dos seguintes livros: livro di\u00e1rio e seus auxiliares, livro raz\u00e3o e seus auxiliares, livro balancetes di\u00e1rios, entre outros.<\/p>\n<h4>RAIS<\/h4>\n<p>A RAIS \u00e9 a &#8220;Rela\u00e7\u00e3o Anual de Informa\u00e7\u00f5es Sociais&#8221;. \u00c9 por meio dela que o governo pode ter controle sobre como tem funcionado a atividade trabalhista no pa\u00eds, identifica o trabalhador que tem direito ao abono salarial, PIS\/PASEP, entre outros benef\u00edcios. O prazo para a entrega da RAIS \u00e9 at\u00e9 o in\u00edcio do m\u00eas de mar\u00e7o de cada ano, sendo que o \u00faltimo dia de entrega pode variar.<\/p>\n<h4>ECF<\/h4>\n<p>Na ECF &#8211; Escritura\u00e7\u00e3o Cont\u00e1bil Fiscal, devem ser informadas todas as movimenta\u00e7\u00f5es que influenciem a forma\u00e7\u00e3o da base de c\u00e1lculo do <a href=\"\/blog\/?p=15271\">Imposto sobre a Renda da Pessoa Jur\u00eddica (IRPJ)<\/a> e da Contribui\u00e7\u00e3o Social sobre o Lucro L\u00edquido (CSLL). O prazo de entrega \u00e9 at\u00e9 o \u00faltimo dia \u00fatil do m\u00eas de julho do referido ano.<\/p>\n<h3><strong>DIMOB<\/strong><\/h3>\n<p>A sigla <a href=\"\/blog\/?p=28961\">DIMOB<\/a> quer dizer &#8220;Declara\u00e7\u00e3o de Informa\u00e7\u00f5es sobre Atividades Imobili\u00e1rias&#8221;. Ou seja, devem entregar essa obriga\u00e7\u00e3o anualmente todas as empresas com atividade de corretagem, comercializa\u00e7\u00e3o e loca\u00e7\u00e3o de im\u00f3veis. O prazo de entrega dela \u00e9 at\u00e9 o dia 28 de fevereiro.<\/p>\n<h4>DIMED<\/h4>\n<p>Enquanto a DIMOB foca nas atividades imobili\u00e1rias, por outro lado, a DIMED foca nas informa\u00e7\u00f5es de servi\u00e7os m\u00e9dicos e de sa\u00fade. Nela devem constar os pagamentos recebidos pelas pessoas jur\u00eddicas com atividades de assist\u00eancia \u00e0 sa\u00fade. Um pouco fiferente da DIMOB, seu prazo de entrega vai at\u00e9 o \u00faltimo dia \u00fatil de fevereiro.<\/p>\n<h4>DASN-SIMEI<\/h4>\n<p>Essa \u00e9 a declara\u00e7\u00e3o anual que deve ser entregue por todo microempreendedor (MEI). Ela soma o faturamento anual da empresa e declara qual a arrecada\u00e7\u00e3o que ela teve. O prazo para envio vai at\u00e9 dia 28 de fevereiro de cada ano.<\/p>\n<h2>Conclus\u00e3o<\/h2>\n<p>Como vimos, para manter uma empresa regular voc\u00ea deve estar atento a diversas declara\u00e7\u00f5es. Inclusive, por mais que a empresa n\u00e3o tenha movimenta\u00e7\u00e3o, ela ainda precisa prestar contas para o fisco. Dessa forma, fica evidente a <a href=\"https:\/\/www.conube.com.br\/\">import\u00e2ncia de ter uma contabilidade<\/a> acompanhando a sua empresa e garantindo que todas as entregas ser\u00e3o feitas corretamente para que voc\u00ea consiga focar na parte estrat\u00e9gica do neg\u00f3cio, seguro de que as entregas est\u00e3o sendo feitas. Por isso, salve esse post para acompanhar o calend\u00e1rio fiscal de obriga\u00e7\u00f5es acess\u00f3rias deste ano!<\/p>\n<h4>Clique <a href=\"https:\/\/www.gov.br\/receitafederal\/pt-br\/assuntos\/agenda-tributaria\/2023\/01\/declaracoes-demonstrativos-e-documentos\" target=\"_blank\" rel=\"noopener\">aqui<\/a> para visualizar o calend\u00e1rio oficial divulgado pela Receita Federal.<\/h4>\n","protected":false},"excerpt":{"rendered":"<p>Manter uma empresa em dia com as diversas obriga\u00e7\u00f5es mensais e anuais que o governo exige n\u00e3o \u00e9 tarefa f\u00e1cil. \u00c9 obrigat\u00f3rio contar com uma contabilidade, mas criamos aqui uma lista das entregas para facilitar.<\/p>\n","protected":false},"author":198,"featured_media":55045,"comment_status":"open","ping_status":"open","sticky":false,"template":"","format":"standard","meta":{"content-type":""},"categories":[121],"tags":[],"yoast_head":"<!-- This site is optimized with the Yoast SEO plugin v20.1 - https:\/\/yoast.com\/wordpress\/plugins\/seo\/ -->\n<title>Veja o calend\u00e1rio fiscal de obriga\u00e7\u00f5es acess\u00f3rias em 2023 - Blog da Conube - Contabilidade e empreendedorismo<\/title>\n<meta name=\"description\" content=\"Uma empresa precisa cumprir com muitas obriga\u00e7\u00f5es para estar regular com o Fisco. Veja o calend\u00e1rio fiscal de obriga\u00e7\u00f5es acess\u00f3rias deste ano\" \/>\n<meta name=\"robots\" content=\"index, follow, max-snippet:-1, max-image-preview:large, max-video-preview:-1\" \/>\n<link rel=\"canonical\" href=\"https:\/\/conube.com.br\/blog\/calendario-fiscal-de-obrigacoes\/\" \/>\n<meta property=\"og:locale\" content=\"pt_BR\" \/>\n<meta property=\"og:type\" content=\"article\" \/>\n<meta property=\"og:title\" content=\"Veja o calend\u00e1rio fiscal de obriga\u00e7\u00f5es acess\u00f3rias em 2023 - Blog da Conube - Contabilidade e empreendedorismo\" \/>\n<meta property=\"og:description\" content=\"Uma empresa precisa cumprir com muitas obriga\u00e7\u00f5es para estar regular com o Fisco. Veja o calend\u00e1rio fiscal de obriga\u00e7\u00f5es acess\u00f3rias deste ano\" \/>\n<meta property=\"og:url\" content=\"https:\/\/conube.com.br\/blog\/calendario-fiscal-de-obrigacoes\/\" \/>\n<meta property=\"og:site_name\" content=\"Blog da Conube - Contabilidade e empreendedorismo\" \/>\n<meta property=\"article:publisher\" content=\"https:\/\/www.facebook.com\/conube\/\" \/>\n<meta property=\"article:published_time\" content=\"2023-01-31T13:28:05+00:00\" \/>\n<meta property=\"og:image\" content=\"https:\/\/conube.com.br\/blog\/wp-content\/uploads\/2023\/01\/capa-calendario-2.png\" \/>\n\t<meta property=\"og:image:width\" content=\"1280\" \/>\n\t<meta property=\"og:image:height\" content=\"520\" \/>\n\t<meta property=\"og:image:type\" content=\"image\/png\" \/>\n<meta name=\"author\" content=\"Thamiris Ferreira\" \/>\n<meta name=\"twitter:card\" content=\"summary_large_image\" \/>\n<meta name=\"twitter:creator\" content=\"@conubeweb\" \/>\n<meta name=\"twitter:site\" content=\"@conubeweb\" \/>\n<meta name=\"twitter:label1\" content=\"Escrito por\" \/>\n\t<meta name=\"twitter:data1\" content=\"Thamiris Ferreira\" \/>\n\t<meta name=\"twitter:label2\" content=\"Est. tempo de leitura\" \/>\n\t<meta name=\"twitter:data2\" content=\"7 minutos\" \/>\n<script type=\"application\/ld+json\" class=\"yoast-schema-graph\">{\"@context\":\"https:\/\/schema.org\",\"@graph\":[{\"@type\":\"Article\",\"@id\":\"https:\/\/conube.com.br\/blog\/calendario-fiscal-de-obrigacoes\/#article\",\"isPartOf\":{\"@id\":\"https:\/\/conube.com.br\/blog\/calendario-fiscal-de-obrigacoes\/\"},\"author\":{\"name\":\"Thamiris Ferreira\",\"@id\":\"https:\/\/conube.com.br\/blog\/#\/schema\/person\/bdadc99700dad455b943b2a7cea7963f\"},\"headline\":\"Veja o calend\u00e1rio fiscal de obriga\u00e7\u00f5es acess\u00f3rias em 2023\",\"datePublished\":\"2023-01-31T13:28:05+00:00\",\"dateModified\":\"2023-01-31T13:28:05+00:00\",\"mainEntityOfPage\":{\"@id\":\"https:\/\/conube.com.br\/blog\/calendario-fiscal-de-obrigacoes\/\"},\"wordCount\":1287,\"commentCount\":0,\"publisher\":{\"@id\":\"https:\/\/conube.com.br\/blog\/#organization\"},\"articleSection\":[\"Impostos e Contribui\u00e7\u00f5es\"],\"inLanguage\":\"pt-BR\",\"potentialAction\":[{\"@type\":\"CommentAction\",\"name\":\"Comment\",\"target\":[\"https:\/\/conube.com.br\/blog\/calendario-fiscal-de-obrigacoes\/#respond\"]}]},{\"@type\":\"WebPage\",\"@id\":\"https:\/\/conube.com.br\/blog\/calendario-fiscal-de-obrigacoes\/\",\"url\":\"https:\/\/conube.com.br\/blog\/calendario-fiscal-de-obrigacoes\/\",\"name\":\"Veja o calend\u00e1rio fiscal de obriga\u00e7\u00f5es acess\u00f3rias em 2023 - Blog da Conube - Contabilidade e empreendedorismo\",\"isPartOf\":{\"@id\":\"https:\/\/conube.com.br\/blog\/#website\"},\"datePublished\":\"2023-01-31T13:28:05+00:00\",\"dateModified\":\"2023-01-31T13:28:05+00:00\",\"description\":\"Uma empresa precisa cumprir com muitas obriga\u00e7\u00f5es para estar regular com o Fisco. Veja o calend\u00e1rio fiscal de obriga\u00e7\u00f5es acess\u00f3rias deste ano\",\"breadcrumb\":{\"@id\":\"https:\/\/conube.com.br\/blog\/calendario-fiscal-de-obrigacoes\/#breadcrumb\"},\"inLanguage\":\"pt-BR\",\"potentialAction\":[{\"@type\":\"ReadAction\",\"target\":[\"https:\/\/conube.com.br\/blog\/calendario-fiscal-de-obrigacoes\/\"]}]},{\"@type\":\"BreadcrumbList\",\"@id\":\"https:\/\/conube.com.br\/blog\/calendario-fiscal-de-obrigacoes\/#breadcrumb\",\"itemListElement\":[{\"@type\":\"ListItem\",\"position\":1,\"name\":\"In\u00edcio\",\"item\":\"https:\/\/conube.com.br\/blog\/\"},{\"@type\":\"ListItem\",\"position\":2,\"name\":\"Veja o calend\u00e1rio fiscal de obriga\u00e7\u00f5es acess\u00f3rias em 2023\"}]},{\"@type\":\"WebSite\",\"@id\":\"https:\/\/conube.com.br\/blog\/#website\",\"url\":\"https:\/\/conube.com.br\/blog\/\",\"name\":\"Blog da Conube - Contabilidade e empreendedorismo\",\"description\":\"Fique por dentro de diversas novidades e dicas sobre neg\u00f3cios e contabilidade que ajudam na gest\u00e3o do seu neg\u00f3cio. Saiba mais.\",\"publisher\":{\"@id\":\"https:\/\/conube.com.br\/blog\/#organization\"},\"potentialAction\":[{\"@type\":\"SearchAction\",\"target\":{\"@type\":\"EntryPoint\",\"urlTemplate\":\"https:\/\/conube.com.br\/blog\/?s={search_term_string}\"},\"query-input\":\"required name=search_term_string\"}],\"inLanguage\":\"pt-BR\"},{\"@type\":\"Organization\",\"@id\":\"https:\/\/conube.com.br\/blog\/#organization\",\"name\":\"Blog da Conube - Contabilidade e empreendedorismo\",\"url\":\"https:\/\/conube.com.br\/blog\/\",\"logo\":{\"@type\":\"ImageObject\",\"inLanguage\":\"pt-BR\",\"@id\":\"https:\/\/conube.com.br\/blog\/#\/schema\/logo\/image\/\",\"url\":\"https:\/\/conube.com.br\/blog\/wp-content\/uploads\/2025\/10\/logo-conube.png\",\"contentUrl\":\"https:\/\/conube.com.br\/blog\/wp-content\/uploads\/2025\/10\/logo-conube.png\",\"width\":222,\"height\":61,\"caption\":\"Blog da Conube - Contabilidade e empreendedorismo\"},\"image\":{\"@id\":\"https:\/\/conube.com.br\/blog\/#\/schema\/logo\/image\/\"},\"sameAs\":[\"https:\/\/www.facebook.com\/conube\/\",\"https:\/\/twitter.com\/conubeweb\",\"https:\/\/www.instagram.com\/conubeweb\/\",\"https:\/\/www.linkedin.com\/company\/conube\",\"https:\/\/www.youtube.com\/user\/ContabilidadeOnline\"]},{\"@type\":\"Person\",\"@id\":\"https:\/\/conube.com.br\/blog\/#\/schema\/person\/bdadc99700dad455b943b2a7cea7963f\",\"name\":\"Thamiris Ferreira\",\"image\":{\"@type\":\"ImageObject\",\"inLanguage\":\"pt-BR\",\"@id\":\"https:\/\/conube.com.br\/blog\/#\/schema\/person\/image\/\",\"url\":\"https:\/\/secure.gravatar.com\/avatar\/b17ce44832e174d52584fe855545d244?s=96&d=mm&r=g\",\"contentUrl\":\"https:\/\/secure.gravatar.com\/avatar\/b17ce44832e174d52584fe855545d244?s=96&d=mm&r=g\",\"caption\":\"Thamiris Ferreira\"},\"url\":\"https:\/\/conube.com.br\/blog\/author\/thamiris-ferreira-2\/\"}]}<\/script>\n<!-- \/ Yoast SEO plugin. -->","yoast_head_json":{"title":"Veja o calend\u00e1rio fiscal de obriga\u00e7\u00f5es acess\u00f3rias em 2023 - Blog da Conube - Contabilidade e empreendedorismo","description":"Uma empresa precisa cumprir com muitas obriga\u00e7\u00f5es para estar regular com o Fisco. Veja o calend\u00e1rio fiscal de obriga\u00e7\u00f5es acess\u00f3rias deste ano","robots":{"index":"index","follow":"follow","max-snippet":"max-snippet:-1","max-image-preview":"max-image-preview:large","max-video-preview":"max-video-preview:-1"},"canonical":"https:\/\/conube.com.br\/blog\/calendario-fiscal-de-obrigacoes\/","og_locale":"pt_BR","og_type":"article","og_title":"Veja o calend\u00e1rio fiscal de obriga\u00e7\u00f5es acess\u00f3rias em 2023 - Blog da Conube - Contabilidade e empreendedorismo","og_description":"Uma empresa precisa cumprir com muitas obriga\u00e7\u00f5es para estar regular com o Fisco. Veja o calend\u00e1rio fiscal de obriga\u00e7\u00f5es acess\u00f3rias deste ano","og_url":"https:\/\/conube.com.br\/blog\/calendario-fiscal-de-obrigacoes\/","og_site_name":"Blog da Conube - Contabilidade e empreendedorismo","article_publisher":"https:\/\/www.facebook.com\/conube\/","article_published_time":"2023-01-31T13:28:05+00:00","og_image":[{"width":1280,"height":520,"url":"https:\/\/conube.com.br\/blog\/wp-content\/uploads\/2023\/01\/capa-calendario-2.png","type":"image\/png"}],"author":"Thamiris Ferreira","twitter_card":"summary_large_image","twitter_creator":"@conubeweb","twitter_site":"@conubeweb","twitter_misc":{"Escrito por":"Thamiris Ferreira","Est. tempo de leitura":"7 minutos"},"schema":{"@context":"https:\/\/schema.org","@graph":[{"@type":"Article","@id":"https:\/\/conube.com.br\/blog\/calendario-fiscal-de-obrigacoes\/#article","isPartOf":{"@id":"https:\/\/conube.com.br\/blog\/calendario-fiscal-de-obrigacoes\/"},"author":{"name":"Thamiris Ferreira","@id":"https:\/\/conube.com.br\/blog\/#\/schema\/person\/bdadc99700dad455b943b2a7cea7963f"},"headline":"Veja o calend\u00e1rio fiscal de obriga\u00e7\u00f5es acess\u00f3rias em 2023","datePublished":"2023-01-31T13:28:05+00:00","dateModified":"2023-01-31T13:28:05+00:00","mainEntityOfPage":{"@id":"https:\/\/conube.com.br\/blog\/calendario-fiscal-de-obrigacoes\/"},"wordCount":1287,"commentCount":0,"publisher":{"@id":"https:\/\/conube.com.br\/blog\/#organization"},"articleSection":["Impostos e Contribui\u00e7\u00f5es"],"inLanguage":"pt-BR","potentialAction":[{"@type":"CommentAction","name":"Comment","target":["https:\/\/conube.com.br\/blog\/calendario-fiscal-de-obrigacoes\/#respond"]}]},{"@type":"WebPage","@id":"https:\/\/conube.com.br\/blog\/calendario-fiscal-de-obrigacoes\/","url":"https:\/\/conube.com.br\/blog\/calendario-fiscal-de-obrigacoes\/","name":"Veja o calend\u00e1rio fiscal de obriga\u00e7\u00f5es acess\u00f3rias em 2023 - Blog da Conube - Contabilidade e empreendedorismo","isPartOf":{"@id":"https:\/\/conube.com.br\/blog\/#website"},"datePublished":"2023-01-31T13:28:05+00:00","dateModified":"2023-01-31T13:28:05+00:00","description":"Uma empresa precisa cumprir com muitas obriga\u00e7\u00f5es para estar regular com o Fisco. Veja o calend\u00e1rio fiscal de obriga\u00e7\u00f5es acess\u00f3rias deste ano","breadcrumb":{"@id":"https:\/\/conube.com.br\/blog\/calendario-fiscal-de-obrigacoes\/#breadcrumb"},"inLanguage":"pt-BR","potentialAction":[{"@type":"ReadAction","target":["https:\/\/conube.com.br\/blog\/calendario-fiscal-de-obrigacoes\/"]}]},{"@type":"BreadcrumbList","@id":"https:\/\/conube.com.br\/blog\/calendario-fiscal-de-obrigacoes\/#breadcrumb","itemListElement":[{"@type":"ListItem","position":1,"name":"In\u00edcio","item":"https:\/\/conube.com.br\/blog\/"},{"@type":"ListItem","position":2,"name":"Veja o calend\u00e1rio fiscal de obriga\u00e7\u00f5es acess\u00f3rias em 2023"}]},{"@type":"WebSite","@id":"https:\/\/conube.com.br\/blog\/#website","url":"https:\/\/conube.com.br\/blog\/","name":"Blog da Conube - Contabilidade e empreendedorismo","description":"Fique por dentro de diversas novidades e dicas sobre neg\u00f3cios e contabilidade que ajudam na gest\u00e3o do seu neg\u00f3cio. Saiba mais.","publisher":{"@id":"https:\/\/conube.com.br\/blog\/#organization"},"potentialAction":[{"@type":"SearchAction","target":{"@type":"EntryPoint","urlTemplate":"https:\/\/conube.com.br\/blog\/?s={search_term_string}"},"query-input":"required name=search_term_string"}],"inLanguage":"pt-BR"},{"@type":"Organization","@id":"https:\/\/conube.com.br\/blog\/#organization","name":"Blog da Conube - Contabilidade e empreendedorismo","url":"https:\/\/conube.com.br\/blog\/","logo":{"@type":"ImageObject","inLanguage":"pt-BR","@id":"https:\/\/conube.com.br\/blog\/#\/schema\/logo\/image\/","url":"https:\/\/conube.com.br\/blog\/wp-content\/uploads\/2025\/10\/logo-conube.png","contentUrl":"https:\/\/conube.com.br\/blog\/wp-content\/uploads\/2025\/10\/logo-conube.png","width":222,"height":61,"caption":"Blog da Conube - Contabilidade e empreendedorismo"},"image":{"@id":"https:\/\/conube.com.br\/blog\/#\/schema\/logo\/image\/"},"sameAs":["https:\/\/www.facebook.com\/conube\/","https:\/\/twitter.com\/conubeweb","https:\/\/www.instagram.com\/conubeweb\/","https:\/\/www.linkedin.com\/company\/conube","https:\/\/www.youtube.com\/user\/ContabilidadeOnline"]},{"@type":"Person","@id":"https:\/\/conube.com.br\/blog\/#\/schema\/person\/bdadc99700dad455b943b2a7cea7963f","name":"Thamiris Ferreira","image":{"@type":"ImageObject","inLanguage":"pt-BR","@id":"https:\/\/conube.com.br\/blog\/#\/schema\/person\/image\/","url":"https:\/\/secure.gravatar.com\/avatar\/b17ce44832e174d52584fe855545d244?s=96&d=mm&r=g","contentUrl":"https:\/\/secure.gravatar.com\/avatar\/b17ce44832e174d52584fe855545d244?s=96&d=mm&r=g","caption":"Thamiris Ferreira"},"url":"https:\/\/conube.com.br\/blog\/author\/thamiris-ferreira-2\/"}]}},"_links":{"self":[{"href":"https:\/\/conube.com.br\/blog\/wp-json\/wp\/v2\/posts\/55043"}],"collection":[{"href":"https:\/\/conube.com.br\/blog\/wp-json\/wp\/v2\/posts"}],"about":[{"href":"https:\/\/conube.com.br\/blog\/wp-json\/wp\/v2\/types\/post"}],"author":[{"embeddable":true,"href":"https:\/\/conube.com.br\/blog\/wp-json\/wp\/v2\/users\/198"}],"replies":[{"embeddable":true,"href":"https:\/\/conube.com.br\/blog\/wp-json\/wp\/v2\/comments?post=55043"}],"version-history":[{"count":1,"href":"https:\/\/conube.com.br\/blog\/wp-json\/wp\/v2\/posts\/55043\/revisions"}],"predecessor-version":[{"id":55048,"href":"https:\/\/conube.com.br\/blog\/wp-json\/wp\/v2\/posts\/55043\/revisions\/55048"}],"wp:featuredmedia":[{"embeddable":true,"href":"https:\/\/conube.com.br\/blog\/wp-json\/wp\/v2\/media\/55045"}],"wp:attachment":[{"href":"https:\/\/conube.com.br\/blog\/wp-json\/wp\/v2\/media?parent=55043"}],"wp:term":[{"taxonomy":"category","embeddable":true,"href":"https:\/\/conube.com.br\/blog\/wp-json\/wp\/v2\/categories?post=55043"},{"taxonomy":"post_tag","embeddable":true,"href":"https:\/\/conube.com.br\/blog\/wp-json\/wp\/v2\/tags?post=55043"}],"curies":[{"name":"wp","href":"https:\/\/api.w.org\/{rel}","templated":true}]}}