{"id":56569,"date":"2025-05-28T16:25:12","date_gmt":"2025-05-28T19:25:12","guid":{"rendered":"https:\/\/conube.com.br\/blog\/?p=56569"},"modified":"2025-07-17T10:45:23","modified_gmt":"2025-07-17T13:45:23","slug":"iof-simples-nacional","status":"publish","type":"post","link":"https:\/\/conube.com.br\/blog\/iof-simples-nacional\/","title":{"rendered":"Aumento do IOF em 2025: entenda os impactos para a sua empresa com a decis\u00e3o do STF"},"content":{"rendered":"<p>O Ministro do Supremo Tribunal Federal, Alexandre de Moraes, considerou constitucional o decreto que aumenta as al\u00edquotas do <strong>IOF (Imposto sobre Opera\u00e7\u00f5es Financeiras).<\/strong><\/p>\n<p>Na decis\u00e3o, o Ministro da Corte afirmou que o Congresso \u201cinvadiu compet\u00eancia privativa do Executivo\u201d ao sustar o decreto por meio de Projeto de Decreto Legislativo (PDL),<\/p>\n<p>Vale lembrar que o Governo Federal anunciou o <a href=\"https:\/\/www.planalto.gov.br\/ccivil_03\/_ato2023-2026\/2025\/decreto\/d12466.htm\">Decreto n\u00ba 12.466<\/a>, no dia 22 de maio de 2025, e o <a href=\"https:\/\/www.planalto.gov.br\/ccivil_03\/_ato2023-2026\/2025\/decreto\/D12467.htm\">Decreto n\u00ba 12.467<\/a>, que compartilhava mudan\u00e7as profundas sobre o tributo regulat\u00f3rio.<\/p>\n<p>As altera\u00e7\u00f5es trazem <strong>impactos profundos<\/strong> e significativos nas atividades econ\u00f4micas para <strong>grandes, m\u00e9dias e pequenas empresas<\/strong> em todo o pa\u00eds, principalmente para companhias do <strong><a href=\"https:\/\/conube.com.br\/blog\/o-que-e-simples-nacional\/\">Simples Nacional<\/a>.<\/strong><\/p>\n<p>Mas, afinal, o que significa o IOF, quais ser\u00e3o as mudan\u00e7as para o seu neg\u00f3cio e como calcular com as novas al\u00edquotas? Confira todos os detalhes abaixo!<\/p>\n<p>&nbsp;<\/p>\n<h2><strong>O que significa IOF?<\/strong><\/h2>\n<p>IOF (Imposto sobre Opera\u00e7\u00f5es Financeiras) \u00e9 um <strong>tributo federal<\/strong> pago por <strong>pessoas f\u00edsicas e jur\u00eddicas<\/strong> em diversas opera\u00e7\u00f5es financeiras do seu dia a dia, como:<\/p>\n<ul>\n<li>Opera\u00e7\u00f5es de cr\u00e9dito e empr\u00e9stimo<\/li>\n<li>Opera\u00e7\u00f5es feitas com cart\u00f5es de cr\u00e9dito e d\u00e9bito<\/li>\n<li>Compra de moeda estrangeira<\/li>\n<li>Transfer\u00eancias relativas a aplica\u00e7\u00f5es de fundos no exterior<\/li>\n<li>Remessa de recurso para conta do contribuinte brasileiro no exterior<\/li>\n<\/ul>\n<p>&nbsp;<\/p>\n<p>Este imposto foi <strong>criado em 1966<\/strong>, substituindo o Imposto sobre Transfer\u00eancia para o Exterior, com objetivo de <strong>arrecadar e regular<\/strong> a economia.<\/p>\n<p>\u00c9 por meio dele que as autoridades analisam a demanda de cr\u00e9dito da economia do pa\u00eds, como se fosse um term\u00f4metro sobre a oferta e a demanda. Deu para entender?<\/p>\n<p><strong>\u00a0<\/strong><\/p>\n<h3><strong>Quais opera\u00e7\u00f5es est\u00e3o isentas do IOF?<\/strong><\/h3>\n<p>Diversas opera\u00e7\u00f5es est\u00e3o <strong>isentas ou com al\u00edquota zero<\/strong> do Imposto sobre Opera\u00e7\u00f5es Financeiras, separamos algumas:<\/p>\n<ul>\n<li>Importa\u00e7\u00e3o e exporta\u00e7\u00e3o<\/li>\n<li>Cart\u00f5es de cr\u00e9dito e d\u00e9bito de entidades p\u00fablicas<\/li>\n<li>Programas de gera\u00e7\u00e3o de emprego e renda<\/li>\n<li>Adiantamento de sal\u00e1rio ao empregado<\/li>\n<li>Habitacionais e saneamento b\u00e1sico<\/li>\n<li>Cooperativas abaixo de R$ 100 milh\u00f5es FINAME Adiantamento de sal\u00e1rio ao empregado<\/li>\n<li>FINEP<\/li>\n<\/ul>\n<p>&nbsp;<\/p>\n<p>Voc\u00ea pode consultar a lista completa acessando o <a href=\"https:\/\/www.gov.br\/fazenda\/pt-br\/central-de-conteudo\/publicacoes\/apresentacoes\/2025\/Maio\/iof-maio-2025.pdf\/view\">material completo<\/a> divulgado pelo Minist\u00e9rio da Fazenda.<\/p>\n<p>&nbsp;<\/p>\n<p><a href=\"https:\/\/api.whatsapp.com\/send\/?phone=5511997295504&#038;text=Falar%20com%20Especialista&#038;type=phone_number&#038;app_absent=0&amp;text&amp;type=phone_number&amp;app_absent=0\"><img decoding=\"async\" loading=\"lazy\" class=\"size-full wp-image-56487 aligncenter\" src=\"https:\/\/conube.com.br\/blog\/wp-content\/uploads\/2016\/06\/068_-_Banner_13.png\" alt=\"\" width=\"700\" height=\"330\" srcset=\"https:\/\/conube.com.br\/blog\/wp-content\/uploads\/2016\/06\/068_-_Banner_13.png 700w, https:\/\/conube.com.br\/blog\/wp-content\/uploads\/2016\/06\/068_-_Banner_13-300x141.png 300w\" sizes=\"(max-width: 700px) 100vw, 700px\" \/><\/a><\/p>\n<h2><\/h2>\n<h2><strong>Nova tabela do IOF 2025 para empresas no Brasil<\/strong><\/h2>\n<p>As atualiza\u00e7\u00f5es feitas pelo Governo Federal podem impactar diretamente o seu neg\u00f3cio, com <strong>aumento da al\u00edquota do IOF<\/strong> para alguns regimes tribut\u00e1rios, como <strong><a href=\"https:\/\/conube.com.br\/blog\/o-que-e-simples-nacional\/\">Simples Nacional<\/a> e <a href=\"https:\/\/conube.com.br\/blog\/o-que-e-mei\/\">MEI<\/a><\/strong>. Elas atingem, principalmente, as <strong>opera\u00e7\u00f5es de cr\u00e9dito e empr\u00e9stimo.<\/strong><\/p>\n<p>&nbsp;<\/p>\n<h3><strong>Aumento da al\u00edquota de cr\u00e9dito e empr\u00e9stimo para empresas no geral<\/strong><\/h3>\n<p>Para as companhias em geral, a al\u00edquota do IOF passou a ser de, no m\u00e1ximo, 1,88% para <strong>3,38%<\/strong> ao ano (al\u00edquota di\u00e1ria de 0,0082% e adicional de 0,95%).<\/p>\n<p>&nbsp;<\/p>\n<table>\n<tbody>\n<tr>\n<td style=\"text-align: left;\" width=\"189\"><strong>Para empresas<\/strong><\/td>\n<td width=\"198\"><strong>Como era<\/strong><\/td>\n<td width=\"179\"><strong>Como fica agora<\/strong><\/td>\n<\/tr>\n<tr>\n<td width=\"189\"><strong>Na contrata\u00e7\u00e3o<\/strong><\/td>\n<td width=\"198\">0,38%<\/td>\n<td width=\"179\">0,95%<\/td>\n<\/tr>\n<tr>\n<td width=\"189\"><strong>Al\u00edquota por dia<\/strong><\/td>\n<td width=\"198\">0,0041%<\/td>\n<td width=\"179\">0,0082%<\/td>\n<\/tr>\n<tr>\n<td width=\"189\"><strong>Teto por ano<\/strong><\/td>\n<td width=\"198\">1,88%<\/td>\n<td width=\"179\">3,38%<\/td>\n<\/tr>\n<\/tbody>\n<\/table>\n<p>&nbsp;<\/p>\n<h3><strong>Nova al\u00edquota do IOF para Simples Nacional<\/strong><\/h3>\n<p>No caso de empresas do Simples Nacional (<a href=\"https:\/\/conube.com.br\/blog\/como-abrir-uma-microempresa\/\">Microempresa<\/a> e <a href=\"https:\/\/conube.com.br\/blog\/como-definir-o-porte-da-empresa\/\">Empresa de Pequeno Porte<\/a>), a al\u00edquota m\u00e1xima subiu de <strong>0,88%<\/strong> para <strong>1,95%<\/strong> ao ano, em opera\u00e7\u00f5es de cr\u00e9dito de at\u00e9 <strong>R$ 30 mil<\/strong> (al\u00edquota di\u00e1ria de 0,00274% e adicional de 0,95%).<\/p>\n<p>As porcentagens variam em caso de empresas com opera\u00e7\u00f5es acima de R$ 30 mil. Veja os detalhes.<\/p>\n<p>&nbsp;<\/p>\n<h3><strong>Empresas SN com opera\u00e7\u00f5es de at\u00e9 R$ 30 mil<\/strong><\/h3>\n<table>\n<tbody>\n<tr>\n<td width=\"189\"><strong>Simples Nacional<\/strong><\/td>\n<td width=\"198\"><strong>Como era<\/strong><\/td>\n<td width=\"179\"><strong>Como fica agora<\/strong><\/td>\n<\/tr>\n<tr>\n<td width=\"189\"><strong>Na contrata\u00e7\u00e3o<\/strong><\/td>\n<td width=\"198\">0,38%<\/td>\n<td width=\"179\">0,95%<\/td>\n<\/tr>\n<tr>\n<td width=\"189\"><strong>Di\u00e1ria<\/strong><\/td>\n<td width=\"198\">0,00137%<\/td>\n<td width=\"179\">0,00274%<\/td>\n<\/tr>\n<tr>\n<td width=\"189\"><strong>Limite anual<\/strong><\/td>\n<td width=\"198\">0,88%<\/td>\n<td width=\"179\">1,95%<\/td>\n<\/tr>\n<\/tbody>\n<\/table>\n<p>&nbsp;<\/p>\n<p>&nbsp;<\/p>\n<h3><strong>Empresas SN em caso de opera\u00e7\u00f5es acima de R$ 30 mil <\/strong><\/h3>\n<table>\n<tbody>\n<tr>\n<td width=\"189\"><strong>Simples Nacional<\/strong><\/td>\n<td width=\"198\"><strong>Como era<\/strong><\/td>\n<td width=\"179\"><strong>Como fica agora<\/strong><\/td>\n<\/tr>\n<tr>\n<td width=\"189\"><strong>Na contrata\u00e7\u00e3o<\/strong><\/td>\n<td width=\"198\">0,38%<\/td>\n<td width=\"179\">0,95%<\/td>\n<\/tr>\n<tr>\n<td width=\"189\"><strong>Di\u00e1ria<\/strong><\/td>\n<td width=\"198\">0,0041%<\/td>\n<td width=\"179\">0,0082%<\/td>\n<\/tr>\n<tr>\n<td width=\"189\"><strong>Limite anual<\/strong><\/td>\n<td width=\"198\">0,88%<\/td>\n<td width=\"179\">3,95%<\/td>\n<\/tr>\n<\/tbody>\n<\/table>\n<p>&nbsp;<\/p>\n<h3><strong>Al\u00edquota de cr\u00e9dito para MEI (Microempreendedor Individual)<\/strong><\/h3>\n<p>Se voc\u00ea \u00e9 MEI, passa a ter a mesma al\u00edquota di\u00e1ria aplic\u00e1vel \u00e0 Microempresa e EPP em <strong>opera\u00e7\u00f5es de cr\u00e9dito de at\u00e9 R$ 30 mil<\/strong>. J\u00e1 a al\u00edquota adicional permaneceu em 0,38%. Veja as tabelas abaixo.<\/p>\n<p>&nbsp;<\/p>\n<h3><strong>Cr\u00e9dito para MEI com opera\u00e7\u00f5es de at\u00e9 R$ 30 mil<\/strong><\/h3>\n<table>\n<tbody>\n<tr>\n<td width=\"189\"><strong>MEI<\/strong><\/td>\n<td width=\"198\"><strong>Como era<\/strong><\/td>\n<td width=\"179\"><strong>Como fica agora<\/strong><\/td>\n<\/tr>\n<tr>\n<td width=\"189\"><strong>Na contrata\u00e7\u00e3o<\/strong><\/td>\n<td width=\"198\">0,38%<\/td>\n<td width=\"179\">0,38%<\/td>\n<\/tr>\n<tr>\n<td width=\"189\"><strong>Di\u00e1ria<\/strong><\/td>\n<td width=\"198\">0,00137%<\/td>\n<td width=\"179\">0,00274%<\/td>\n<\/tr>\n<tr>\n<td width=\"189\"><strong>Limite anual<\/strong><\/td>\n<td width=\"198\">0,88%<\/td>\n<td width=\"179\">1,38%<\/td>\n<\/tr>\n<\/tbody>\n<\/table>\n<p>&nbsp;<\/p>\n<h3><strong>Cr\u00e9dito para MEI com opera\u00e7\u00f5es acima de R$ 30 mil<\/strong><\/h3>\n<table>\n<tbody>\n<tr>\n<td width=\"189\"><strong>MEI<\/strong><\/td>\n<td width=\"198\"><strong>Como era<\/strong><\/td>\n<td width=\"179\"><strong>Como fica agora<\/strong><\/td>\n<\/tr>\n<tr>\n<td width=\"189\"><strong>Na contrata\u00e7\u00e3o<\/strong><\/td>\n<td width=\"198\">0,38%<\/td>\n<td width=\"179\">0,38%<\/td>\n<\/tr>\n<tr>\n<td width=\"189\"><strong>Di\u00e1ria<\/strong><\/td>\n<td width=\"198\">0,0041%<\/td>\n<td width=\"179\">0,0082%<\/td>\n<\/tr>\n<tr>\n<td width=\"189\"><strong>Limite anual<\/strong><\/td>\n<td width=\"198\">0,88%<\/td>\n<td width=\"179\">3,38%<\/td>\n<\/tr>\n<\/tbody>\n<\/table>\n<p>&nbsp;<\/p>\n<h2><strong>Como calcular o IOF para pessoa jur\u00eddica?<\/strong><\/h2>\n<p>Calcular o imposto \u00e9 bem f\u00e1cil: basta multiplicar o montante sobre o qual o IOF incide pelo valor do imposto. Calma que a gente te explica melhor.<\/p>\n<p>Imagine um exemplo em que a sua empresa seja do Simples Nacional e tenha feito um <strong>empr\u00e9stimo de R$ 12.000<\/strong> que ser\u00e1 pago em 15 dias. A conta deve ser feita da seguinte forma:<\/p>\n<p>&nbsp;<\/p>\n<h3><strong>IOF Fixo: <\/strong><\/h3>\n<p>R$ 12.000 X 0,95% (nova al\u00edquota de contrata\u00e7\u00e3o de empr\u00e9stimo) = R$ 114,00<\/p>\n<p>&nbsp;<\/p>\n<h3><strong>IOF Di\u00e1rio:<\/strong><\/h3>\n<p>R$ 12.000 x 15 (n\u00famero de dias) x 0,00274 (nova al\u00edquota di\u00e1ria) = R$ 49,32<\/p>\n<p><strong>\u00a0<\/strong><\/p>\n<p>&nbsp;<\/p>\n<h2>Cobran\u00e7a do IOF de Risco Sacado ficou de fora<\/h2>\n<p>A opera\u00e7\u00e3o de risco sacado, quando empresas antecipam faturas mediante cess\u00e3o de receb\u00edveis sem coobriga\u00e7\u00e3o, ficou da fora da decis\u00e3o do Ministro, portanto n\u00e3o entra em vigor.<\/p>\n<p>Moraes compreendeu que a medida criou uma nova base de tributa\u00e7\u00e3o e ultrapassou os limites legais para decretos presidenciais.<\/p>\n<h2><strong><br \/>\nPor que o governo federal aumentou o Imposto sobre Opera\u00e7\u00f5es Financeiras?<\/strong><\/h2>\n<p>Segundo o <a href=\"https:\/\/www.gov.br\/fazenda\/pt-br\/assuntos\/noticias\/2025\/Maio\/equipe-economica-divulga-contingenciamento-bloqueio-e-medida-para-ajuste-fiscal\">Governo Federal<\/a>, as atualiza\u00e7\u00f5es do IOF visam o aumento da <strong>arrecada\u00e7\u00e3o de impostos<\/strong> (para fechar as contas do ano) e o controle da d\u00edvida p\u00fablica. Em conjunto, os ajustes podem gerar acr\u00e9scimo de:<\/p>\n<ul>\n<li>R$ 12,5 bilh\u00f5es em 2025<\/li>\n<li>R$ 31 bilh\u00f5es em 2026<\/li>\n<\/ul>\n<p>Com a retirada do risco sacado da base de c\u00e1lculo do IOF, a proje\u00e7\u00e3o deve ser reduzida em R$ 450 milh\u00f5es neste ano e at\u00e9 R$ 3,5 bilh\u00f5es em 2026.<\/p>\n<p>Outro objetivo, de acordo com as autoridades, \u00e9 dar o mesmo tratamento a empresas e pessoas f\u00edsicas, j\u00e1 que pessoas jur\u00eddicas estavam sujeitas a <strong>al\u00edquotas menores. <\/strong><\/p>\n<p>&nbsp;<\/p>\n<h2><strong>Venha para a Conube e economize at\u00e9 R$ 5 mil por ano com a sua contabilidade<\/strong><\/h2>\n<p>A gente sabe que, entre os desafios de ser PJ, est\u00e3o os custos e a falta de tempo, n\u00e3o \u00e9 mesmo? E \u00e9 a\u00ed que a Conube pode te ajudar!<\/p>\n<p>Seja qual for o segmento da sua empresa, n\u00f3s simplificamos a sua rotina, enquanto voc\u00ea foca apenas no seu lucro.<\/p>\n<p>Na nossa plataforma digital voc\u00ea emite as suas <strong>notas fiscais em at\u00e9 1 minuto<\/strong>, de maneira integrada ao seu fluxo financeiro, e tem tudo sobre o seu neg\u00f3cio na palma da sua m\u00e3o. Tudo com <a href=\"https:\/\/www.conube.com.br\/quanto-custa\/\">planos a partir de R$ 129,90.\u00a0<\/a><\/p>\n<p>Conte com um painel completo para gerenciar os impostos da sua empresa e pag\u00e1-los digitalmente!<\/p>\n<p data-renderer-start-pos=\"494\">Se precisar de ajuda, fale com o nosso time de especialistas.<\/p>\n<p data-renderer-start-pos=\"494\"><a href=\"https:\/\/api.whatsapp.com\/send\/?phone=5511997295504&#038;text=Falar%20com%20Especialista&#038;type=phone_number&#038;app_absent=0&amp;text&amp;type=phone_number&amp;app_absent=0\"><img decoding=\"async\" loading=\"lazy\" class=\"size-full wp-image-56434 aligncenter\" src=\"https:\/\/conube.com.br\/blog\/wp-content\/uploads\/2019\/12\/068_-_Banner_5-1.png\" alt=\"\" width=\"700\" height=\"330\" srcset=\"https:\/\/conube.com.br\/blog\/wp-content\/uploads\/2019\/12\/068_-_Banner_5-1.png 700w, https:\/\/conube.com.br\/blog\/wp-content\/uploads\/2019\/12\/068_-_Banner_5-1-300x141.png 300w\" sizes=\"(max-width: 700px) 100vw, 700px\" \/><\/a><\/p>\n","protected":false},"excerpt":{"rendered":"<p>Governo Federal anunciou mudan\u00e7as profundas sobre o IOF (Imposto sobre Opera\u00e7\u00f5es Financeiras). As altera\u00e7\u00f5es trazem impactos para grandes, m\u00e9dias e pequenas empresas, principalmente para as do Simples Nacional. Veja os impactos e como calcular com as novas al\u00edquotas.<\/p>\n","protected":false},"author":784,"featured_media":56584,"comment_status":"open","ping_status":"open","sticky":false,"template":"","format":"standard","meta":{"content-type":""},"categories":[121],"tags":[],"yoast_head":"<!-- This site is optimized with the Yoast SEO plugin v20.1 - https:\/\/yoast.com\/wordpress\/plugins\/seo\/ -->\n<title>Aumento do IOF em 2025: o que muda para a sua empresa?<\/title>\n<meta name=\"description\" content=\"Al\u00edquota para empr\u00e9stimo e cr\u00e9ditos para Simples Nacional e MEI foi confirmada pelo STF. Veja como calcular as novas atualiza\u00e7\u00f5es.\" \/>\n<meta name=\"robots\" content=\"index, follow, max-snippet:-1, max-image-preview:large, max-video-preview:-1\" \/>\n<link rel=\"canonical\" href=\"https:\/\/conube.com.br\/blog\/iof-simples-nacional\/\" \/>\n<meta property=\"og:locale\" content=\"pt_BR\" \/>\n<meta property=\"og:type\" content=\"article\" \/>\n<meta property=\"og:title\" content=\"Aumento do IOF em 2025: o que muda para a sua empresa?\" \/>\n<meta property=\"og:description\" content=\"Al\u00edquota para empr\u00e9stimo e cr\u00e9ditos para Simples Nacional e MEI foi confirmada pelo STF. Veja como calcular as novas atualiza\u00e7\u00f5es.\" \/>\n<meta property=\"og:url\" content=\"https:\/\/conube.com.br\/blog\/iof-simples-nacional\/\" \/>\n<meta property=\"og:site_name\" content=\"Blog da Conube - Contabilidade e empreendedorismo\" \/>\n<meta property=\"article:publisher\" content=\"https:\/\/www.facebook.com\/conube\/\" \/>\n<meta property=\"article:published_time\" content=\"2025-05-28T19:25:12+00:00\" \/>\n<meta property=\"article:modified_time\" content=\"2025-07-17T13:45:23+00:00\" \/>\n<meta property=\"og:image\" content=\"https:\/\/conube.com.br\/blog\/wp-content\/uploads\/2025\/05\/IOF-Imposto-sobre-Operacoes-Financeiras.png\" \/>\n\t<meta property=\"og:image:width\" content=\"1280\" \/>\n\t<meta property=\"og:image:height\" content=\"520\" \/>\n\t<meta property=\"og:image:type\" content=\"image\/png\" \/>\n<meta name=\"author\" content=\"Vinicius Guillen\" \/>\n<meta name=\"twitter:card\" content=\"summary_large_image\" \/>\n<meta name=\"twitter:creator\" content=\"@conubeweb\" \/>\n<meta name=\"twitter:site\" content=\"@conubeweb\" \/>\n<meta name=\"twitter:label1\" content=\"Escrito por\" \/>\n\t<meta name=\"twitter:data1\" content=\"Vinicius Guillen\" \/>\n\t<meta name=\"twitter:label2\" content=\"Est. tempo de leitura\" \/>\n\t<meta name=\"twitter:data2\" content=\"7 minutos\" \/>\n<script type=\"application\/ld+json\" class=\"yoast-schema-graph\">{\"@context\":\"https:\/\/schema.org\",\"@graph\":[{\"@type\":\"Article\",\"@id\":\"https:\/\/conube.com.br\/blog\/iof-simples-nacional\/#article\",\"isPartOf\":{\"@id\":\"https:\/\/conube.com.br\/blog\/iof-simples-nacional\/\"},\"author\":{\"name\":\"Vinicius Guillen\",\"@id\":\"https:\/\/conube.com.br\/blog\/#\/schema\/person\/0de952327ba46a159923723245d6f5d9\"},\"headline\":\"Aumento do IOF em 2025: entenda os impactos para a sua empresa com a decis\u00e3o do STF\",\"datePublished\":\"2025-05-28T19:25:12+00:00\",\"dateModified\":\"2025-07-17T13:45:23+00:00\",\"mainEntityOfPage\":{\"@id\":\"https:\/\/conube.com.br\/blog\/iof-simples-nacional\/\"},\"wordCount\":1135,\"commentCount\":0,\"publisher\":{\"@id\":\"https:\/\/conube.com.br\/blog\/#organization\"},\"articleSection\":[\"Impostos e Contribui\u00e7\u00f5es\"],\"inLanguage\":\"pt-BR\",\"potentialAction\":[{\"@type\":\"CommentAction\",\"name\":\"Comment\",\"target\":[\"https:\/\/conube.com.br\/blog\/iof-simples-nacional\/#respond\"]}]},{\"@type\":\"WebPage\",\"@id\":\"https:\/\/conube.com.br\/blog\/iof-simples-nacional\/\",\"url\":\"https:\/\/conube.com.br\/blog\/iof-simples-nacional\/\",\"name\":\"Aumento do IOF em 2025: o que muda para a sua empresa?\",\"isPartOf\":{\"@id\":\"https:\/\/conube.com.br\/blog\/#website\"},\"datePublished\":\"2025-05-28T19:25:12+00:00\",\"dateModified\":\"2025-07-17T13:45:23+00:00\",\"description\":\"Al\u00edquota para empr\u00e9stimo e cr\u00e9ditos para Simples Nacional e MEI foi confirmada pelo STF. Veja como calcular as novas atualiza\u00e7\u00f5es.\",\"breadcrumb\":{\"@id\":\"https:\/\/conube.com.br\/blog\/iof-simples-nacional\/#breadcrumb\"},\"inLanguage\":\"pt-BR\",\"potentialAction\":[{\"@type\":\"ReadAction\",\"target\":[\"https:\/\/conube.com.br\/blog\/iof-simples-nacional\/\"]}]},{\"@type\":\"BreadcrumbList\",\"@id\":\"https:\/\/conube.com.br\/blog\/iof-simples-nacional\/#breadcrumb\",\"itemListElement\":[{\"@type\":\"ListItem\",\"position\":1,\"name\":\"In\u00edcio\",\"item\":\"https:\/\/conube.com.br\/blog\/\"},{\"@type\":\"ListItem\",\"position\":2,\"name\":\"Aumento do IOF em 2025: entenda os impactos para a sua empresa com a decis\u00e3o do STF\"}]},{\"@type\":\"WebSite\",\"@id\":\"https:\/\/conube.com.br\/blog\/#website\",\"url\":\"https:\/\/conube.com.br\/blog\/\",\"name\":\"Blog da Conube - Contabilidade e empreendedorismo\",\"description\":\"Fique por dentro de diversas novidades e dicas sobre neg\u00f3cios e contabilidade que ajudam na gest\u00e3o do seu neg\u00f3cio. Saiba mais.\",\"publisher\":{\"@id\":\"https:\/\/conube.com.br\/blog\/#organization\"},\"potentialAction\":[{\"@type\":\"SearchAction\",\"target\":{\"@type\":\"EntryPoint\",\"urlTemplate\":\"https:\/\/conube.com.br\/blog\/?s={search_term_string}\"},\"query-input\":\"required name=search_term_string\"}],\"inLanguage\":\"pt-BR\"},{\"@type\":\"Organization\",\"@id\":\"https:\/\/conube.com.br\/blog\/#organization\",\"name\":\"Blog da Conube - Contabilidade e empreendedorismo\",\"url\":\"https:\/\/conube.com.br\/blog\/\",\"logo\":{\"@type\":\"ImageObject\",\"inLanguage\":\"pt-BR\",\"@id\":\"https:\/\/conube.com.br\/blog\/#\/schema\/logo\/image\/\",\"url\":\"https:\/\/conube.com.br\/blog\/wp-content\/uploads\/2025\/10\/logo-conube.png\",\"contentUrl\":\"https:\/\/conube.com.br\/blog\/wp-content\/uploads\/2025\/10\/logo-conube.png\",\"width\":222,\"height\":61,\"caption\":\"Blog da Conube - Contabilidade e empreendedorismo\"},\"image\":{\"@id\":\"https:\/\/conube.com.br\/blog\/#\/schema\/logo\/image\/\"},\"sameAs\":[\"https:\/\/www.facebook.com\/conube\/\",\"https:\/\/twitter.com\/conubeweb\",\"https:\/\/www.instagram.com\/conubeweb\/\",\"https:\/\/www.linkedin.com\/company\/conube\",\"https:\/\/www.youtube.com\/user\/ContabilidadeOnline\"]},{\"@type\":\"Person\",\"@id\":\"https:\/\/conube.com.br\/blog\/#\/schema\/person\/0de952327ba46a159923723245d6f5d9\",\"name\":\"Vinicius Guillen\",\"image\":{\"@type\":\"ImageObject\",\"inLanguage\":\"pt-BR\",\"@id\":\"https:\/\/conube.com.br\/blog\/#\/schema\/person\/image\/\",\"url\":\"https:\/\/secure.gravatar.com\/avatar\/a9d051496ea6a5dabd2f59c89eb3a22f?s=96&d=mm&r=g\",\"contentUrl\":\"https:\/\/secure.gravatar.com\/avatar\/a9d051496ea6a5dabd2f59c89eb3a22f?s=96&d=mm&r=g\",\"caption\":\"Vinicius Guillen\"},\"url\":\"https:\/\/conube.com.br\/blog\/author\/vinicius\/\"}]}<\/script>\n<!-- \/ Yoast SEO plugin. -->","yoast_head_json":{"title":"Aumento do IOF em 2025: o que muda para a sua empresa?","description":"Al\u00edquota para empr\u00e9stimo e cr\u00e9ditos para Simples Nacional e MEI foi confirmada pelo STF. Veja como calcular as novas atualiza\u00e7\u00f5es.","robots":{"index":"index","follow":"follow","max-snippet":"max-snippet:-1","max-image-preview":"max-image-preview:large","max-video-preview":"max-video-preview:-1"},"canonical":"https:\/\/conube.com.br\/blog\/iof-simples-nacional\/","og_locale":"pt_BR","og_type":"article","og_title":"Aumento do IOF em 2025: o que muda para a sua empresa?","og_description":"Al\u00edquota para empr\u00e9stimo e cr\u00e9ditos para Simples Nacional e MEI foi confirmada pelo STF. Veja como calcular as novas atualiza\u00e7\u00f5es.","og_url":"https:\/\/conube.com.br\/blog\/iof-simples-nacional\/","og_site_name":"Blog da Conube - Contabilidade e empreendedorismo","article_publisher":"https:\/\/www.facebook.com\/conube\/","article_published_time":"2025-05-28T19:25:12+00:00","article_modified_time":"2025-07-17T13:45:23+00:00","og_image":[{"width":1280,"height":520,"url":"https:\/\/conube.com.br\/blog\/wp-content\/uploads\/2025\/05\/IOF-Imposto-sobre-Operacoes-Financeiras.png","type":"image\/png"}],"author":"Vinicius Guillen","twitter_card":"summary_large_image","twitter_creator":"@conubeweb","twitter_site":"@conubeweb","twitter_misc":{"Escrito por":"Vinicius Guillen","Est. tempo de leitura":"7 minutos"},"schema":{"@context":"https:\/\/schema.org","@graph":[{"@type":"Article","@id":"https:\/\/conube.com.br\/blog\/iof-simples-nacional\/#article","isPartOf":{"@id":"https:\/\/conube.com.br\/blog\/iof-simples-nacional\/"},"author":{"name":"Vinicius Guillen","@id":"https:\/\/conube.com.br\/blog\/#\/schema\/person\/0de952327ba46a159923723245d6f5d9"},"headline":"Aumento do IOF em 2025: entenda os impactos para a sua empresa com a decis\u00e3o do STF","datePublished":"2025-05-28T19:25:12+00:00","dateModified":"2025-07-17T13:45:23+00:00","mainEntityOfPage":{"@id":"https:\/\/conube.com.br\/blog\/iof-simples-nacional\/"},"wordCount":1135,"commentCount":0,"publisher":{"@id":"https:\/\/conube.com.br\/blog\/#organization"},"articleSection":["Impostos e Contribui\u00e7\u00f5es"],"inLanguage":"pt-BR","potentialAction":[{"@type":"CommentAction","name":"Comment","target":["https:\/\/conube.com.br\/blog\/iof-simples-nacional\/#respond"]}]},{"@type":"WebPage","@id":"https:\/\/conube.com.br\/blog\/iof-simples-nacional\/","url":"https:\/\/conube.com.br\/blog\/iof-simples-nacional\/","name":"Aumento do IOF em 2025: o que muda para a sua empresa?","isPartOf":{"@id":"https:\/\/conube.com.br\/blog\/#website"},"datePublished":"2025-05-28T19:25:12+00:00","dateModified":"2025-07-17T13:45:23+00:00","description":"Al\u00edquota para empr\u00e9stimo e cr\u00e9ditos para Simples Nacional e MEI foi confirmada pelo STF. Veja como calcular as novas atualiza\u00e7\u00f5es.","breadcrumb":{"@id":"https:\/\/conube.com.br\/blog\/iof-simples-nacional\/#breadcrumb"},"inLanguage":"pt-BR","potentialAction":[{"@type":"ReadAction","target":["https:\/\/conube.com.br\/blog\/iof-simples-nacional\/"]}]},{"@type":"BreadcrumbList","@id":"https:\/\/conube.com.br\/blog\/iof-simples-nacional\/#breadcrumb","itemListElement":[{"@type":"ListItem","position":1,"name":"In\u00edcio","item":"https:\/\/conube.com.br\/blog\/"},{"@type":"ListItem","position":2,"name":"Aumento do IOF em 2025: entenda os impactos para a sua empresa com a decis\u00e3o do STF"}]},{"@type":"WebSite","@id":"https:\/\/conube.com.br\/blog\/#website","url":"https:\/\/conube.com.br\/blog\/","name":"Blog da Conube - Contabilidade e empreendedorismo","description":"Fique por dentro de diversas novidades e dicas sobre neg\u00f3cios e contabilidade que ajudam na gest\u00e3o do seu neg\u00f3cio. Saiba mais.","publisher":{"@id":"https:\/\/conube.com.br\/blog\/#organization"},"potentialAction":[{"@type":"SearchAction","target":{"@type":"EntryPoint","urlTemplate":"https:\/\/conube.com.br\/blog\/?s={search_term_string}"},"query-input":"required name=search_term_string"}],"inLanguage":"pt-BR"},{"@type":"Organization","@id":"https:\/\/conube.com.br\/blog\/#organization","name":"Blog da Conube - Contabilidade e empreendedorismo","url":"https:\/\/conube.com.br\/blog\/","logo":{"@type":"ImageObject","inLanguage":"pt-BR","@id":"https:\/\/conube.com.br\/blog\/#\/schema\/logo\/image\/","url":"https:\/\/conube.com.br\/blog\/wp-content\/uploads\/2025\/10\/logo-conube.png","contentUrl":"https:\/\/conube.com.br\/blog\/wp-content\/uploads\/2025\/10\/logo-conube.png","width":222,"height":61,"caption":"Blog da Conube - Contabilidade e empreendedorismo"},"image":{"@id":"https:\/\/conube.com.br\/blog\/#\/schema\/logo\/image\/"},"sameAs":["https:\/\/www.facebook.com\/conube\/","https:\/\/twitter.com\/conubeweb","https:\/\/www.instagram.com\/conubeweb\/","https:\/\/www.linkedin.com\/company\/conube","https:\/\/www.youtube.com\/user\/ContabilidadeOnline"]},{"@type":"Person","@id":"https:\/\/conube.com.br\/blog\/#\/schema\/person\/0de952327ba46a159923723245d6f5d9","name":"Vinicius Guillen","image":{"@type":"ImageObject","inLanguage":"pt-BR","@id":"https:\/\/conube.com.br\/blog\/#\/schema\/person\/image\/","url":"https:\/\/secure.gravatar.com\/avatar\/a9d051496ea6a5dabd2f59c89eb3a22f?s=96&d=mm&r=g","contentUrl":"https:\/\/secure.gravatar.com\/avatar\/a9d051496ea6a5dabd2f59c89eb3a22f?s=96&d=mm&r=g","caption":"Vinicius Guillen"},"url":"https:\/\/conube.com.br\/blog\/author\/vinicius\/"}]}},"_links":{"self":[{"href":"https:\/\/conube.com.br\/blog\/wp-json\/wp\/v2\/posts\/56569"}],"collection":[{"href":"https:\/\/conube.com.br\/blog\/wp-json\/wp\/v2\/posts"}],"about":[{"href":"https:\/\/conube.com.br\/blog\/wp-json\/wp\/v2\/types\/post"}],"author":[{"embeddable":true,"href":"https:\/\/conube.com.br\/blog\/wp-json\/wp\/v2\/users\/784"}],"replies":[{"embeddable":true,"href":"https:\/\/conube.com.br\/blog\/wp-json\/wp\/v2\/comments?post=56569"}],"version-history":[{"count":17,"href":"https:\/\/conube.com.br\/blog\/wp-json\/wp\/v2\/posts\/56569\/revisions"}],"predecessor-version":[{"id":56707,"href":"https:\/\/conube.com.br\/blog\/wp-json\/wp\/v2\/posts\/56569\/revisions\/56707"}],"wp:featuredmedia":[{"embeddable":true,"href":"https:\/\/conube.com.br\/blog\/wp-json\/wp\/v2\/media\/56584"}],"wp:attachment":[{"href":"https:\/\/conube.com.br\/blog\/wp-json\/wp\/v2\/media?parent=56569"}],"wp:term":[{"taxonomy":"category","embeddable":true,"href":"https:\/\/conube.com.br\/blog\/wp-json\/wp\/v2\/categories?post=56569"},{"taxonomy":"post_tag","embeddable":true,"href":"https:\/\/conube.com.br\/blog\/wp-json\/wp\/v2\/tags?post=56569"}],"curies":[{"name":"wp","href":"https:\/\/api.w.org\/{rel}","templated":true}]}}